{"id":900,"date":"2015-11-13T08:17:50","date_gmt":"2015-11-13T08:17:50","guid":{"rendered":"https:\/\/carglasscomunicacion.es\/?p=900"},"modified":"2023-11-29T12:01:02","modified_gmt":"2023-11-29T10:01:02","slug":"los-centros-carglass-red-de-distribucion-de-las-pulseras-candela","status":"publish","type":"post","link":"https:\/\/www.carglass.es\/blog\/carglass-news\/los-centros-carglass-red-de-distribucion-de-las-pulseras-candela\/","title":{"rendered":"Los centros Carglass<sup>\u00ae<\/sup>: red de distribuci\u00f3n de las Pulseras Candela"},"content":{"rendered":"<p>Hace unos meses escrib\u00edamos sobre una nueva iniciativa en<strong> Carglass<sup>\u00ae<\/sup><\/strong>: <a href=\"https:\/\/www.carglass.es\/blog\/carglass-news\/carglass-colabora-con-la-investigacion-del-cancer-infantil\/\">colaborar para la investigaci\u00f3n del c\u00e1ncer infantil gracias a las <strong>Pulseras Candela<\/strong><\/a>. Recordar c\u00f3mo empez\u00f3 es, ante todo, sin\u00f3nimo del compa\u00f1erismo que existe.<\/p>\n<p>Eli Cano, pertenece al call center de la sede central de <strong>Carglass<sup>\u00ae<\/sup><\/strong>. <em>Un d\u00eda se acerca a mi oficina cargada de pulseras Candela y me cuenta su idea<\/em>, comenta Alicia Segura, responsable de comunicaci\u00f3n. <em>Yo que no s\u00e9 decir que no y me encantan los retos, me sumerjo en este proyecto con muchas ganas. La presento a direcci\u00f3n y\u2026 \u00a1de repente el 80% de los trabajadores de la central llevamos una Candela!<\/em> \ud83d\ude09<\/p>\n<p><img loading=\"lazy\" decoding=\"async\" class=\"wp-image-903 aligncenter\" src=\"https:\/\/carglasscomunicacion.es\/wp-content\/uploads\/2015\/11\/PulserasCandela.jpg.webp\" alt=\"PulserasCandela\" width=\"720\" height=\"540\" \/><\/p>\n<p>En los <strong>centros Carglass<sup>\u00ae<\/sup><\/strong> de toda Espa\u00f1a podr\u00e1s encontrar una <strong>hucha<\/strong> precintada. Ah\u00ed cada cliente puede hacer su <strong>donativo<\/strong> para ayudar a la investigaci\u00f3n de esta enfermedad. En el primer semestre del a\u00f1o 2015, las cifras han sido mejor de lo que esper\u00e1bamos: <strong>\u00a1hemos vendido 800 pulseras Candela!<\/strong><\/p>\n<p>La suma de todas esas pulseras (m\u00e1s de 2.300 \u20ac) ha ido directamente a la <strong>Fundaci\u00f3n Hospital San Joan de D\u00e9u<\/strong>. Fue en ese hospital d\u00f3nde una voluntaria ense\u00f1\u00f3 a Candela, una ni\u00f1a ingresada con leucemia, a hacer unas pulseras formadas por nudos para que las horas le parecieran m\u00e1s cortas. Ella a su vez, ense\u00f1\u00f3 a unas amigas, que empezaron a venderlas durante todo un verano, consiguiendo dinero para la investigaci\u00f3n del c\u00e1ncer infantil. Pronto se sumaron todos l@s ni\u00f1@s de la octava planta, sus familias, amigos y todas aquellas personas que, como Carglass<sup>\u00ae<\/sup> queremos continuar con esta historia solidaria.<\/p>\n<p>&nbsp;<\/p>\n<p><strong>LA SUERTE EST\u00c1 DE PARTE DE CANDELA<\/strong><\/p>\n<p>Septiembre lleg\u00f3 y despu\u00e9s de las vacaciones de verano, volvi\u00f3 la rutina&#8230; Los compa\u00f1eros del Call Center llevan tiempo fabricando sus sue\u00f1os, como dicen los spots de la Loter\u00eda Nacional del Estado. \u00bfC\u00f3mo? Juegan todas las semanas a la primitiva.<\/p>\n<p>Desde el punto racional sabes que por estad\u00edsticas es muy complicado que ganes el premio, pero ya se sabe que \u201csiempre hay quien gane\u201d. La sorpresa lleg\u00f3 cuando al comprobar el cup\u00f3n, <em>nos dimos cuenta nos hab\u00eda tocado un pellizquito<\/em>, nos dice Eli. \u00bfQu\u00e9 hacer con el bote? Cristina Gonz\u00e1lez fue quien tuvo la idea de donarlo al proyecto Candelas.<\/p>\n<p><img loading=\"lazy\" decoding=\"async\" class=\"wp-image-905 aligncenter\" src=\"https:\/\/carglasscomunicacion.es\/wp-content\/uploads\/2015\/11\/PulserasCandela1.jpg.webp\" alt=\"PulserasCandela1\" width=\"720\" height=\"540\" \/><\/p>\n<p>Si t\u00fa todav\u00eda no has escuchado hablar sobre \u00ablas <strong>candelas\u00bb<\/strong>, merece la pena conocer la historia \u00edntegra de estas pulseras: como naci\u00f3 la idea, qui\u00e9n est\u00e1 detr\u00e1s de ella\u2026 solamente tienes que pinchar <a href=\"https:\/\/porlainvestigaciondelcancerinfantil.blogspot.com\/p\/pulseras-candela.html\" target=\"_blank\" rel=\"noopener\">AQU\u00cd<\/a><\/p>\n","protected":false},"excerpt":{"rendered":"<p>Hace unos meses escrib\u00edamos sobre una nueva iniciativa en Carglass<sup>\u00ae<\/sup>: colaborar para la investigaci\u00f3n del c\u00e1ncer infantil gracias a las Pulseras Candela. Recordar c\u00f3mo empez\u00f3 es, ante todo, sin\u00f3nimo del compa\u00f1erismo que existe. Eli Cano, pertenece al call center de la sede central de Carglass. Un d\u00eda se acerca a mi oficina cargada de pulseras<\/p>\n","protected":false},"author":11,"featured_media":907,"comment_status":"open","ping_status":"open","sticky":false,"template":"","format":"standard","meta":{"_acf_changed":false,"site-sidebar-layout":"default","site-content-layout":"default","ast-site-content-layout":"default","site-content-style":"default","site-sidebar-style":"default","ast-global-header-display":"","ast-banner-title-visibility":"","ast-main-header-display":"","ast-hfb-above-header-display":"","ast-hfb-below-header-display":"","ast-hfb-mobile-header-display":"","site-post-title":"","ast-breadcrumbs-content":"","ast-featured-img":"","footer-sml-layout":"","theme-transparent-header-meta":"default","adv-header-id-meta":"","stick-header-meta":"","header-above-stick-meta":"","header-main-stick-meta":"","header-below-stick-meta":"","astra-migrate-meta-layouts":"default","ast-page-background-enabled":"default","ast-page-background-meta":{"desktop":{"background-color":"var(--ast-global-color-4)","background-image":"","background-repeat":"repeat","background-position":"center center","background-size":"auto","background-attachment":"scroll","background-type":"","background-media":"","overlay-type":"","overlay-color":"","overlay-opacity":"","overlay-gradient":""},"tablet":{"background-color":"","background-image":"","background-repeat":"repeat","background-position":"center center","background-size":"auto","background-attachment":"scroll","background-type":"","background-media":"","overlay-type":"","overlay-color":"","overlay-opacity":"","overlay-gradient":""},"mobile":{"background-color":"","background-image":"","background-repeat":"repeat","background-position":"center center","background-size":"auto","background-attachment":"scroll","background-type":"","background-media":"","overlay-type":"","overlay-color":"","overlay-opacity":"","overlay-gradient":""}},"ast-content-background-meta":{"desktop":{"background-color":"var(--ast-global-color-5)","background-image":"","background-repeat":"repeat","background-position":"center center","background-size":"auto","background-attachment":"scroll","background-type":"","background-media":"","overlay-type":"","overlay-color":"","overlay-opacity":"","overlay-gradient":""},"tablet":{"background-color":"var(--ast-global-color-5)","background-image":"","background-repeat":"repeat","background-position":"center center","background-size":"auto","background-attachment":"scroll","background-type":"","background-media":"","overlay-type":"","overlay-color":"","overlay-opacity":"","overlay-gradient":""},"mobile":{"background-color":"var(--ast-global-color-5)","background-image":"","background-repeat":"repeat","background-position":"center center","background-size":"auto","background-attachment":"scroll","background-type":"","background-media":"","overlay-type":"","overlay-color":"","overlay-opacity":"","overlay-gradient":""}},"footnotes":""},"categories":[2],"tags":[24],"class_list":["post-900","post","type-post","status-publish","format-standard","has-post-thumbnail","hentry","category-carglass-news","tag-pulseras-candela"],"acf":[],"_links":{"self":[{"href":"https:\/\/www.carglass.es\/blog\/wp-json\/wp\/v2\/posts\/900","targetHints":{"allow":["GET"]}}],"collection":[{"href":"https:\/\/www.carglass.es\/blog\/wp-json\/wp\/v2\/posts"}],"about":[{"href":"https:\/\/www.carglass.es\/blog\/wp-json\/wp\/v2\/types\/post"}],"author":[{"embeddable":true,"href":"https:\/\/www.carglass.es\/blog\/wp-json\/wp\/v2\/users\/11"}],"replies":[{"embeddable":true,"href":"https:\/\/www.carglass.es\/blog\/wp-json\/wp\/v2\/comments?post=900"}],"version-history":[{"count":17,"href":"https:\/\/www.carglass.es\/blog\/wp-json\/wp\/v2\/posts\/900\/revisions"}],"predecessor-version":[{"id":10918,"href":"https:\/\/www.carglass.es\/blog\/wp-json\/wp\/v2\/posts\/900\/revisions\/10918"}],"wp:featuredmedia":[{"embeddable":true,"href":"https:\/\/www.carglass.es\/blog\/wp-json\/wp\/v2\/media\/907"}],"wp:attachment":[{"href":"https:\/\/www.carglass.es\/blog\/wp-json\/wp\/v2\/media?parent=900"}],"wp:term":[{"taxonomy":"category","embeddable":true,"href":"https:\/\/www.carglass.es\/blog\/wp-json\/wp\/v2\/categories?post=900"},{"taxonomy":"post_tag","embeddable":true,"href":"https:\/\/www.carglass.es\/blog\/wp-json\/wp\/v2\/tags?post=900"}],"curies":[{"name":"wp","href":"https:\/\/api.w.org\/{rel}","templated":true}]}}