{"id":5204,"date":"2020-03-23T16:39:26","date_gmt":"2020-03-23T16:39:26","guid":{"rendered":"https:\/\/www.carglass.es\/blog\/?p=5204"},"modified":"2021-11-15T11:40:01","modified_gmt":"2021-11-15T11:40:01","slug":"estado-de-alarma-medidas-para-conducir","status":"publish","type":"post","link":"https:\/\/www.carglass.es\/blog\/conduce-seguro\/estado-de-alarma-medidas-para-conducir\/","title":{"rendered":"Estado de alarma: Las medidas para conducir el coche durante este periodo"},"content":{"rendered":"<p><span style=\"font-weight: 400;\">La crisis sanitaria provocada por la llegada del covid-19 ha ocasionado una situaci\u00f3n muy poco habitual por la declaraci\u00f3n del estado de alarma decretado por el Gobierno de Espa\u00f1a el pasado 14 de marzo, que entre otras medidas restringe la circulaci\u00f3n, ya sea a pie o en coche. Por eso, es importante conocer si podemos usar nuestro veh\u00edculo para circular, en qu\u00e9 casos podr\u00edamos hacerlo y qu\u00e9 medidas aplicar para coger el coche durante este estado de alarma.<\/span><\/p>\n<h2><b>\u00bfSe puede coger el coche durante el estado de alarma?\u00a0<\/b><\/h2>\n<p><span style=\"font-weight: 400;\">Es una de las dudas m\u00e1s frecuentes en los ciudadanos durante este periodo, bien porque queramos hacerlo por necesidad o por razones de comodidad. Por ello, te explicamos c\u00f3mo afecta el estado de alarma a la libertad de conducci\u00f3n y los requisitos establecidos para usar el coche.<\/span><\/p>\n<p><span style=\"font-weight: 400;\">La respuesta a si podemos coger el coche durante el estado de alarma es s\u00ed, pero con restricciones y siempre bajo una de las causas justificadas y previstas en el <\/span><b>Real Decreto 463\/2020:<\/b><\/p>\n<p><b>-Ir al trabajo: <\/b><span style=\"font-weight: 400;\">asistir a nuestro lugar de trabajo habitual es una de las razones que nos permite utilizar nuestro veh\u00edculo, y pese a que no es necesario presentar un documento que lo acredite si nos parase la autoridad competente durante el trayecto, si es recomendable utilizar este tipo de justificantes que emite cada empresa de manera particular y por iniciativa propia, para agilizar y aclarar el uso del coche durante estos d\u00edas.<\/span><\/p>\n<p><b>-Volver al lugar de residencia:<\/b><span style=\"font-weight: 400;\"> bien porque volvemos del trabajo o por cualquier otro motivo justificado, no habr\u00e1 ning\u00fan impedimento para utilizar el coche. Eso s\u00ed, bajo la recomendaci\u00f3n de reducir al m\u00e1ximo el tiempo del trayecto.<\/span><\/p>\n<p><b>-Asistir a centros sanitarios: <\/b><span style=\"font-weight: 400;\">acudir al m\u00e9dico por razones de salud justifica el uso del veh\u00edculo, ya que es una de las formas de reducir el tiempo de llegada. Para facilitar la asistencia a hospitales y centros de salud, algunos ayuntamientos han eliminado temporalmente las zonas de estacionamiento de pago cerca de los centros sanitarios.<\/span><\/p>\n<p><b>-Dirigirse a una farmacia:<\/b><span style=\"font-weight: 400;\"> por las mismas razones de fuerza mayor, ir o volver de una farmacia por necesidad justifica el uso del veh\u00edculo durante el estado de alarma por el covid-19, a raz\u00f3n de facilitar el acceso de los ciudadanos a la adquisici\u00f3n de medicinas.<\/span><\/p>\n<p><b>-Asistir a personas mayores o con movilidad reducida: <\/b><span style=\"font-weight: 400;\">este es quiz\u00e1 el punto que m\u00e1s responsabilidad personal exige a los ciudadanos, ya que debe justificarse y utilizarse en momentos de verdadera necesidad. El cuidado de aquellas personas m\u00e1s vulnerables durante el periodo de crisis es una de las causas que justifica coger el coche.<\/span><\/p>\n<p><b>-Recargar combustible: <\/b><span style=\"font-weight: 400;\">de manera l\u00f3gica, queda cubierta la necesidad de recargar combustible en nuestro veh\u00edculo, siendo incluida como una de las razones que posibilitan su uso.\u00a0<\/span><\/p>\n<p><b>-Hacer la compra o acudir a entidades financieras: <\/b><span style=\"font-weight: 400;\">est\u00e1 permitido coger el coche para dirigirse al supermercado a realizar la compra de alimentos y limpieza, o a la sucursal bancaria para gestiones imprescindibles. Como siempre, bajo la recomendaci\u00f3n de abreviar el trayecto de casa al establecimiento tanto como sea posible.<\/span><\/p>\n<p><span style=\"font-weight: 400;\">Ante todos estos supuestos decretados por el estado de alarma, seg\u00fan la Orden del Gobierno emitida el 20 de marzo, el Ministro del Interior podr\u00e1 ordenar el <\/span><b>cierre o restricci\u00f3n a la circulaci\u00f3n por carreteras o tramos de ellas<\/b><span style=\"font-weight: 400;\"> por razones de<\/span><b> fluidez del tr\u00e1fico, seguridad y salud p\u00fablica<\/b><span style=\"font-weight: 400;\">. En caso de este supuesto, quedan exentos de esta medida los siguientes veh\u00edculos o servicios:<\/span><\/p>\n<p><span style=\"font-weight: 400;\">-\u2003Los veh\u00edculos de auxilio en carretera.<\/span><\/p>\n<p><span style=\"font-weight: 400;\">-\u2003Los veh\u00edculos y servicios de conservaci\u00f3n y mantenimiento de carreteras.<\/span><\/p>\n<p><span style=\"font-weight: 400;\">-\u2003Los veh\u00edculos de distribuci\u00f3n de medicamentos y material sanitario.<\/span><\/p>\n<p><span style=\"font-weight: 400;\">-\u2003Los veh\u00edculos de recogida de residuos s\u00f3lidos urbanos.<\/span><\/p>\n<p><span style=\"font-weight: 400;\">-\u2003Los veh\u00edculos destinados a la distribuci\u00f3n de alimentos.<\/span><\/p>\n<p><span style=\"font-weight: 400;\">-\u2003El transporte de materiales fundentes.<\/span><\/p>\n<p><span style=\"font-weight: 400;\">-\u2003Los veh\u00edculos destinados a transporte de combustibles.<\/span><\/p>\n<p><span style=\"font-weight: 400;\">-\u2003Los veh\u00edculos de transporte de ganado vivo.<\/span><\/p>\n<h2><b>\u00bfSe puede compartir veh\u00edculo en el estado de alarma?<\/b><\/h2>\n<p><span style=\"font-weight: 400;\">Por suerte, como ya sab\u00e9is, a medida que la actualidad ha ido evolucionando tambi\u00e9n lo han hecho las leyes. Y en este caso, no ha sido menos la normativa que regula el n\u00famero de personas que pueden viajar en el mismo coche durante el estado de alarma. Con la entrada de Espa\u00f1a en las fases de desescalada el pasado 4 de mayo, las restricciones se han suavizado y ahora existen otras normas para compartir el veh\u00edculo privado.\u00a0<\/span><\/p>\n<p><span style=\"font-weight: 400;\">Con la modificaci\u00f3n del Real Decreto que declara el estado de alarma por la crisis sanitaria del Covid-19, ahora se permite que viajen hasta dos personas por fila en un mismo veh\u00edculo. Es decir, <\/span><b>en un turismo convencional de 5 plazas, podr\u00e1n viajar un total de cuatro personas<\/b><span style=\"font-weight: 400;\">, siempre y cuando estas utilicen mascarilla y los pasajeros que viajen en la fila trasera mantengan un asiento de distancia.<\/span><\/p>\n<p><span style=\"font-weight: 400;\">No obstante, ante esta normativa existe <\/span><b>una excepci\u00f3n: si los pasajeros forman parte del n\u00facleo familiar del conductor y conviven con este<\/b><span style=\"font-weight: 400;\">, podr\u00e1n ocupar todos los asientos del coche sin separaci\u00f3n y sin el uso de mascarilla. Asimismo, con la entrada en la fase 1 de gran parte del pa\u00eds el 11 de mayo, los desplazamientos estar\u00e1n autorizados para cualquier actividad, siempre y cuando se produzcan dentro de la misma comunidad aut\u00f3noma.\u00a0<\/span><\/p>\n<p><span style=\"font-weight: 400;\">En s\u00edntesis, ya es posible circular en coche siendo m\u00e1s de dos pasajeros. No obstante, en los veh\u00edculos industriales con una sola fila de asientos solo podr\u00e1n viajar dos personas, una en cada extremo y siempre utilizando mascarilla. <\/span><b>En cuanto a los servicios de transporte de pasajeros como los taxis y los VTC, podr\u00e1n viajar hasta un m\u00e1ximo de dos pasajeros<\/b><span style=\"font-weight: 400;\">, siempre en la fila de asientos trasera y haciendo uso de la mascarilla. <\/span><\/p>\n<h2><b>Entonces, \u00bfpuedo llevar a mis hijos en el coche durante el estado de alarma?<\/b><\/h2>\n<p><span style=\"font-weight: 400;\">S\u00ed, podremos llevar a nuestros hijos en coche siempre y cuando sea por una de las razones justificadas anteriormente y siguiendo las recomendaciones ofrecidas: mantener todas las medidas de prevenci\u00f3n y estar el menor tiempo posible en la v\u00eda p\u00fablica.<\/span><\/p>\n<h2><b>Medidas para protegerse del coronavirus si tienes que coger el coche<\/b><\/h2>\n<p><span style=\"font-weight: 400;\">La\u00a0 primera medida para aumentar al m\u00e1ximo la protecci\u00f3n contra el coronavirus es obvia, y la estamos viendo repetida en cualquier parte, tanto por las instituciones del gobierno como por entidades privadas o redes sociales, <\/span><b>quedarse en casa<\/b><span style=\"font-weight: 400;\">.\u00a0<\/span><\/p>\n<p><span style=\"font-weight: 400;\">Si por cualquiera de los motivos expuestos anteriormente te ves obligado a utilizar el veh\u00edculo durante el estado de alarma, es necesario que conozcas y lleves a cabo algunas recomendaciones para protegerte del coronavirus.<\/span><\/p>\n<p><span style=\"font-weight: 400;\">En este caso, la medida fundamental de protecci\u00f3n, adem\u00e1s del uso de mascarilla, es <\/span><a href=\"https:\/\/www.carglass.es\/blog\/conduce-seguro\/limpieza-del-vehiculo-durante-el-coronavirus\/\"><b>la limpieza del veh\u00edculo<\/b><\/a><span style=\"font-weight: 400;\">, especialmente la de aquellos elementos m\u00e1s expuestos al contacto, como los manillares, el volante, la pantalla t\u00e1ctil o el freno de mano. Desinfectar a conciencia el puesto de conducci\u00f3n har\u00e1 que estemos m\u00e1s protegidos de contagiarnos de la enfermedad.<\/span><\/p>\n<p><span style=\"font-weight: 400;\">Es importante no olvidarnos del aire acondicionado, que puede actuar como una fuente de contagio encubierta. En la medida de lo posible deber\u00edamos limpiar el conducto completamente para asegurar el veh\u00edculo. Prioriza el mantenimiento del coche, a fin de no sufrir imprevistos, <strong><a href=\"https:\/\/www.carglass.es\/reparacion-lunas\">reparar o sustituir la luna del coche<\/a><\/strong>, los neum\u00e1ticos, frenos\u2026 Revisa a fondo el veh\u00edculo para conducir seguro.<\/span><\/p>\n<h2><b>Mantener la calma y evitar situaciones de riesgo<\/b><\/h2>\n<p><span style=\"font-weight: 400;\">El estr\u00e9s de conducir en un momento tan excepcional puede conllevar riesgos innecesarios, como exceso de velocidad o menor atenci\u00f3n a los peligros habituales de la carretera. Tenlo en cuenta para evitar sustos.<\/span><\/p>\n<p><span style=\"font-weight: 400;\">Respeta todas las restricciones que aplica el estado de alarma al uso del coche y asegura que una buena limpieza del veh\u00edculo te protege a ti y a los tuyos del contagio del coronavirus.<\/span><\/p>\n<p><span style=\"font-weight: 400;\">Desde Carglass queremos mandarte muchos \u00e1nimos en este momento tan delicado. Todos estamos deseando volver lo antes posible a la normalidad.\u00a0<\/span><\/p>\n<p><span style=\"font-weight: 400;\">\u00a1Estamos juntos en esto!\u00a0<\/span><\/p>\n<p style=\"text-align: center;\"><span style=\"font-weight: 400;\">#quedateencasa #carglasssequedaencasa #seamosresponsables<\/span><\/p>\n","protected":false},"excerpt":{"rendered":"<p>La crisis sanitaria provocada por la llegada del covid-19 ha ocasionado una situaci\u00f3n muy poco habitual por la declaraci\u00f3n del estado de alarma decretado por el Gobierno de Espa\u00f1a el pasado 14 de marzo, que entre otras medidas restringe la circulaci\u00f3n, ya sea a pie o en coche. Por eso, es importante conocer si podemos<\/p>\n","protected":false},"author":21,"featured_media":5211,"comment_status":"open","ping_status":"open","sticky":false,"template":"","format":"standard","meta":{"_acf_changed":false,"site-sidebar-layout":"default","site-content-layout":"","ast-site-content-layout":"default","site-content-style":"default","site-sidebar-style":"default","ast-global-header-display":"","ast-banner-title-visibility":"","ast-main-header-display":"","ast-hfb-above-header-display":"","ast-hfb-below-header-display":"","ast-hfb-mobile-header-display":"","site-post-title":"","ast-breadcrumbs-content":"","ast-featured-img":"","footer-sml-layout":"","theme-transparent-header-meta":"","adv-header-id-meta":"","stick-header-meta":"","header-above-stick-meta":"","header-main-stick-meta":"","header-below-stick-meta":"","astra-migrate-meta-layouts":"default","ast-page-background-enabled":"default","ast-page-background-meta":{"desktop":{"background-color":"var(--ast-global-color-4)","background-image":"","background-repeat":"repeat","background-position":"center center","background-size":"auto","background-attachment":"scroll","background-type":"","background-media":"","overlay-type":"","overlay-color":"","overlay-opacity":"","overlay-gradient":""},"tablet":{"background-color":"","background-image":"","background-repeat":"repeat","background-position":"center center","background-size":"auto","background-attachment":"scroll","background-type":"","background-media":"","overlay-type":"","overlay-color":"","overlay-opacity":"","overlay-gradient":""},"mobile":{"background-color":"","background-image":"","background-repeat":"repeat","background-position":"center center","background-size":"auto","background-attachment":"scroll","background-type":"","background-media":"","overlay-type":"","overlay-color":"","overlay-opacity":"","overlay-gradient":""}},"ast-content-background-meta":{"desktop":{"background-color":"var(--ast-global-color-5)","background-image":"","background-repeat":"repeat","background-position":"center center","background-size":"auto","background-attachment":"scroll","background-type":"","background-media":"","overlay-type":"","overlay-color":"","overlay-opacity":"","overlay-gradient":""},"tablet":{"background-color":"var(--ast-global-color-5)","background-image":"","background-repeat":"repeat","background-position":"center center","background-size":"auto","background-attachment":"scroll","background-type":"","background-media":"","overlay-type":"","overlay-color":"","overlay-opacity":"","overlay-gradient":""},"mobile":{"background-color":"var(--ast-global-color-5)","background-image":"","background-repeat":"repeat","background-position":"center center","background-size":"auto","background-attachment":"scroll","background-type":"","background-media":"","overlay-type":"","overlay-color":"","overlay-opacity":"","overlay-gradient":""}},"footnotes":""},"categories":[3],"tags":[],"class_list":["post-5204","post","type-post","status-publish","format-standard","has-post-thumbnail","hentry","category-conduce-seguro"],"acf":[],"_links":{"self":[{"href":"https:\/\/www.carglass.es\/blog\/wp-json\/wp\/v2\/posts\/5204","targetHints":{"allow":["GET"]}}],"collection":[{"href":"https:\/\/www.carglass.es\/blog\/wp-json\/wp\/v2\/posts"}],"about":[{"href":"https:\/\/www.carglass.es\/blog\/wp-json\/wp\/v2\/types\/post"}],"author":[{"embeddable":true,"href":"https:\/\/www.carglass.es\/blog\/wp-json\/wp\/v2\/users\/21"}],"replies":[{"embeddable":true,"href":"https:\/\/www.carglass.es\/blog\/wp-json\/wp\/v2\/comments?post=5204"}],"version-history":[{"count":4,"href":"https:\/\/www.carglass.es\/blog\/wp-json\/wp\/v2\/posts\/5204\/revisions"}],"predecessor-version":[{"id":6990,"href":"https:\/\/www.carglass.es\/blog\/wp-json\/wp\/v2\/posts\/5204\/revisions\/6990"}],"wp:featuredmedia":[{"embeddable":true,"href":"https:\/\/www.carglass.es\/blog\/wp-json\/wp\/v2\/media\/5211"}],"wp:attachment":[{"href":"https:\/\/www.carglass.es\/blog\/wp-json\/wp\/v2\/media?parent=5204"}],"wp:term":[{"taxonomy":"category","embeddable":true,"href":"https:\/\/www.carglass.es\/blog\/wp-json\/wp\/v2\/categories?post=5204"},{"taxonomy":"post_tag","embeddable":true,"href":"https:\/\/www.carglass.es\/blog\/wp-json\/wp\/v2\/tags?post=5204"}],"curies":[{"name":"wp","href":"https:\/\/api.w.org\/{rel}","templated":true}]}}