{"id":4913,"date":"2019-12-05T13:01:19","date_gmt":"2019-12-05T13:01:19","guid":{"rendered":"https:\/\/www.carglass.es\/blog\/?p=4913"},"modified":"2019-12-05T13:01:19","modified_gmt":"2019-12-05T13:01:19","slug":"que-es-un-vehiculo-mixto","status":"publish","type":"post","link":"https:\/\/www.carglass.es\/blog\/omglass\/que-es-un-vehiculo-mixto\/","title":{"rendered":"Te explicamos qu\u00e9 es un veh\u00edculo mixto"},"content":{"rendered":"<p><span style=\"font-weight: 400;\">\u00bfQu\u00e9 es un veh\u00edculo mixto? Se trata de una pregunta que se han formulado numerosas personas que no tienen muy claras las catalogaciones de los autom\u00f3viles. Hemos detectado dudas incluso en personas familiarizadas con el mundo del autom\u00f3vil, pero a las que les cuesta distinguir las particularidades de esta clase de veh\u00edculos.\u00a0<\/span><\/p>\n<p><span style=\"font-weight: 400;\">A continuaci\u00f3n, profundizamos en las caracter\u00edsticas que hacen especial este tipo de autom\u00f3vil. En el siguiente art\u00edculo de <span style=\"color: #ff0000;\"><strong><a style=\"color: #ff0000;\" href=\"https:\/\/www.carglass.es\/\">Carglass<\/a> <\/strong><\/span>te lo contamos todo, sigue leyendo.\u00a0<\/span><\/p>\n<h2><b>Una definici\u00f3n de veh\u00edculo mixto<\/b><\/h2>\n<p><span style=\"font-weight: 400;\">En primer lugar, hemos de se\u00f1alar que, cuando se trata de ofrecer una definici\u00f3n de\u00a0veh\u00edculo mixto, vale la pena referirse al m\u00e1s com\u00fan de ellos: el adaptable.\u00a0<\/span><\/p>\n<p><span style=\"font-weight: 400;\">Suele ser muy utilizado a nivel profesional y se caracteriza por servir tanto para el transporte de mercanc\u00edas como para el de personas. Estos transportes, por otro lado, pueden ser simult\u00e1neos.<\/span><\/p>\n<p><span style=\"font-weight: 400;\">Por consiguiente, uno de estos veh\u00edculos mixtos puede valer, por ejemplo, para que un fontanero cargue los materiales que necesita camino de su trabajo o un grupo de amigos se desplace a ver un partido de f\u00fatbol de su equipo favorito a otra ciudad.<\/span><\/p>\n<p><span style=\"font-weight: 400;\">En virtud de las actuales normativas de tr\u00e1fico, podr\u00e1n ser transportadas hasta nueve personas en su interior. Asimismo, algunos asientos podr\u00e1n ser retirados para dejar m\u00e1s espacio a los ocupantes.\u00a0<\/span><\/p>\n<h2><b>\u00bfQu\u00e9 normas de circulaci\u00f3n les afectan?<\/b><\/h2>\n<p><span style=\"font-weight: 400;\">Ten en cuenta que los nuevos radares empleados por la Direcci\u00f3n General de Tr\u00e1fico (DGT) en 2019 son capaces de distinguir las clases de veh\u00edculos que rebasan la velocidad m\u00e1xima permitida, lo que supone una circunstancia que antes no influ\u00eda en los veh\u00edculos mixtos. Toma nota de los <span style=\"color: #ff0000;\"><strong><a style=\"color: #ff0000;\" href=\"https:\/\/www.carglass.es\/blog\/conduce-seguro\/limites-velocidad-espana\/\">l\u00edmites de velocidad<\/a> <\/strong><\/span>que se les imponen a este y otros veh\u00edculos en Espa\u00f1a.<\/span><\/p>\n<p><span style=\"font-weight: 400;\">&#8211; Autov\u00edas y autopistas: 100 km\/h.<\/span><\/p>\n<p><span style=\"font-weight: 400;\">&#8211; Carreteras convencionales con un arc\u00e9n pavimentado de m\u00e1s de 1,5 m de ancho: 90 km\/h.<\/span><\/p>\n<p><span style=\"font-weight: 400;\">&#8211; Otras v\u00edas que se encuentran fuera de poblado: 80 km\/h.\u00a0<\/span><\/p>\n<p><span style=\"font-weight: 400;\">&#8211; En transporte de ni\u00f1os, escolares o mercanc\u00edas peligrosas: reducci\u00f3n de 10 km\/h.<\/span><\/p>\n<p><span style=\"font-weight: 400;\">&#8211; V\u00edas urbanas y traves\u00edas: 50 km\/h (40 km\/h cuando se transporten mercanc\u00edas peligrosas).<\/span><\/p>\n<h2><b>Los pros y contras de estos veh\u00edculos<\/b><\/h2>\n<p><span style=\"font-weight: 400;\">La primera ventaja que tenemos que recalcar es la relativa a que resulta muy \u00fatil disponer de un veh\u00edculo que posibilita el transporte tanto paralelo como alternativo de mercanc\u00edas y personas.<\/span><\/p>\n<p><span style=\"font-weight: 400;\">Adem\u00e1s, no se trata de uno de la gama todoterreno, lo que hace m\u00e1s funcional su utilizaci\u00f3n en el medio urbano. Cuenta\u00a0con una altura de, al menos, 1,8 m y destaca por su comodidad.\u00a0<\/span><\/p>\n<p><span style=\"font-weight: 400;\">Entre otros beneficios de su uso, remarcamos que te podr\u00e1s ahorrar el impuesto de matriculaci\u00f3n. Seg\u00fan su actividad econ\u00f3mica en el Censo de Actividades Empresariales, sus deducciones del IVA pueden llegar a un m\u00ednimo del 50 %.\u00a0<\/span><\/p>\n<p><span style=\"font-weight: 400;\">En cuanto a los inconvenientes a tener en cuenta, has de valorar que la periodicidad de las visitas para pasar la ITV se reduce a la mitad del tiempo que se exige para los turismos. Aparte, no podr\u00e1s cambiar la titularidad de estos autom\u00f3viles, salvo que abones el impuesto de matriculaci\u00f3n del que te hab\u00edan eximido,\u00a0a lo largo de sus primeros cuatro a\u00f1os de uso.<\/span><\/p>\n<p><span style=\"font-weight: 400;\">En definitiva, ya sabes qu\u00e9 es un veh\u00edculo mixto, por lo que est\u00e1 en tus manos rentabilizar su uso.\u00a0<\/span><\/p>\n<p>&nbsp;<\/p>\n","protected":false},"excerpt":{"rendered":"<p>\u00bfQu\u00e9 es un veh\u00edculo mixto? Se trata de una pregunta que se han formulado numerosas personas que no tienen muy claras las catalogaciones de los autom\u00f3viles. Hemos detectado dudas incluso en personas familiarizadas con el mundo del autom\u00f3vil, pero a las que les cuesta distinguir las particularidades de esta clase de veh\u00edculos.\u00a0 A continuaci\u00f3n, profundizamos<\/p>\n","protected":false},"author":21,"featured_media":4915,"comment_status":"open","ping_status":"open","sticky":false,"template":"","format":"standard","meta":{"_acf_changed":false,"site-sidebar-layout":"default","site-content-layout":"","ast-site-content-layout":"default","site-content-style":"default","site-sidebar-style":"default","ast-global-header-display":"","ast-banner-title-visibility":"","ast-main-header-display":"","ast-hfb-above-header-display":"","ast-hfb-below-header-display":"","ast-hfb-mobile-header-display":"","site-post-title":"","ast-breadcrumbs-content":"","ast-featured-img":"","footer-sml-layout":"","theme-transparent-header-meta":"","adv-header-id-meta":"","stick-header-meta":"","header-above-stick-meta":"","header-main-stick-meta":"","header-below-stick-meta":"","astra-migrate-meta-layouts":"default","ast-page-background-enabled":"default","ast-page-background-meta":{"desktop":{"background-color":"var(--ast-global-color-4)","background-image":"","background-repeat":"repeat","background-position":"center center","background-size":"auto","background-attachment":"scroll","background-type":"","background-media":"","overlay-type":"","overlay-color":"","overlay-opacity":"","overlay-gradient":""},"tablet":{"background-color":"","background-image":"","background-repeat":"repeat","background-position":"center center","background-size":"auto","background-attachment":"scroll","background-type":"","background-media":"","overlay-type":"","overlay-color":"","overlay-opacity":"","overlay-gradient":""},"mobile":{"background-color":"","background-image":"","background-repeat":"repeat","background-position":"center center","background-size":"auto","background-attachment":"scroll","background-type":"","background-media":"","overlay-type":"","overlay-color":"","overlay-opacity":"","overlay-gradient":""}},"ast-content-background-meta":{"desktop":{"background-color":"var(--ast-global-color-5)","background-image":"","background-repeat":"repeat","background-position":"center center","background-size":"auto","background-attachment":"scroll","background-type":"","background-media":"","overlay-type":"","overlay-color":"","overlay-opacity":"","overlay-gradient":""},"tablet":{"background-color":"var(--ast-global-color-5)","background-image":"","background-repeat":"repeat","background-position":"center center","background-size":"auto","background-attachment":"scroll","background-type":"","background-media":"","overlay-type":"","overlay-color":"","overlay-opacity":"","overlay-gradient":""},"mobile":{"background-color":"var(--ast-global-color-5)","background-image":"","background-repeat":"repeat","background-position":"center center","background-size":"auto","background-attachment":"scroll","background-type":"","background-media":"","overlay-type":"","overlay-color":"","overlay-opacity":"","overlay-gradient":""}},"footnotes":""},"categories":[221],"tags":[],"class_list":["post-4913","post","type-post","status-publish","format-standard","has-post-thumbnail","hentry","category-omglass"],"acf":[],"_links":{"self":[{"href":"https:\/\/www.carglass.es\/blog\/wp-json\/wp\/v2\/posts\/4913","targetHints":{"allow":["GET"]}}],"collection":[{"href":"https:\/\/www.carglass.es\/blog\/wp-json\/wp\/v2\/posts"}],"about":[{"href":"https:\/\/www.carglass.es\/blog\/wp-json\/wp\/v2\/types\/post"}],"author":[{"embeddable":true,"href":"https:\/\/www.carglass.es\/blog\/wp-json\/wp\/v2\/users\/21"}],"replies":[{"embeddable":true,"href":"https:\/\/www.carglass.es\/blog\/wp-json\/wp\/v2\/comments?post=4913"}],"version-history":[{"count":3,"href":"https:\/\/www.carglass.es\/blog\/wp-json\/wp\/v2\/posts\/4913\/revisions"}],"predecessor-version":[{"id":4917,"href":"https:\/\/www.carglass.es\/blog\/wp-json\/wp\/v2\/posts\/4913\/revisions\/4917"}],"wp:featuredmedia":[{"embeddable":true,"href":"https:\/\/www.carglass.es\/blog\/wp-json\/wp\/v2\/media\/4915"}],"wp:attachment":[{"href":"https:\/\/www.carglass.es\/blog\/wp-json\/wp\/v2\/media?parent=4913"}],"wp:term":[{"taxonomy":"category","embeddable":true,"href":"https:\/\/www.carglass.es\/blog\/wp-json\/wp\/v2\/categories?post=4913"},{"taxonomy":"post_tag","embeddable":true,"href":"https:\/\/www.carglass.es\/blog\/wp-json\/wp\/v2\/tags?post=4913"}],"curies":[{"name":"wp","href":"https:\/\/api.w.org\/{rel}","templated":true}]}}