{"id":4350,"date":"2019-06-04T08:46:45","date_gmt":"2019-06-04T08:46:45","guid":{"rendered":"https:\/\/www.carglass.es\/blog\/?p=4350"},"modified":"2019-06-04T08:46:45","modified_gmt":"2019-06-04T08:46:45","slug":"descuento-laminado-lunas","status":"publish","type":"post","link":"https:\/\/www.carglass.es\/blog\/carglass-news\/descuento-laminado-lunas\/","title":{"rendered":"Laminado de lunas con un 20% de descuento en Carglass<sup>\u00ae<\/sup>"},"content":{"rendered":"<p>Carglass<sup>\u00ae<\/sup> Espa\u00f1a ofrece un 20% de <strong><a href=\"https:\/\/www.carglass.es\/productos-carglass\/laminado-de-lunas\">descuento en el laminado de lunas<\/a><\/strong>, promoci\u00f3n que estar\u00e1 <strong>vigente hasta el 29 de junio del 2019<\/strong>. Esta protecci\u00f3n contra la peligrosa radiaci\u00f3n solar que recibimos en el coche est\u00e1 especialmente indicada en esta \u00e9poca del a\u00f1o, en la que aumenta la intensidad de los rayos solares y el n\u00famero de desplazamientos. El laminado de lunas de Carglass\u00ae bloquea el 99% de los rayos ultravioleta para proteger a los ocupantes de las plazas traseras, algo que se recomienda especialmente cuando se trata de ni\u00f1os, cuya piel es m\u00e1s sensible.<\/p>\n<p>El laminado cosiste es aplicar una l\u00e1mina especial en la cara interna de las ventanillas, operaci\u00f3n que se realiza en poco tiempo y para la que se puede pedir cita a trav\u00e9s de la web (<strong><a href=\"https:\/\/www.carglass.es\/\">www.carglass.es<\/a><\/strong>), del tel\u00e9fono 902 107 343 o de Whatsapp (n\u00famero 609 061 847), para ser atendido en uno de los 226 centros propios de Carglass\u00ae en Espa\u00f1a.<\/p>\n<p>Cuando pensamos en la exposici\u00f3n solar solemos imaginar escenas de playa o al aire libre, pero buena parte de la radiaci\u00f3n que soportamos a lo largo del d\u00eda se produce dentro del coche. La exposici\u00f3n a los rayos UV que recibimos a trav\u00e9s de los cristales de un autom\u00f3vil es especialmente alta, ya que en la mayor\u00eda de los autom\u00f3viles solo el parabrisas ofrece protecci\u00f3n frente a esta amenaza.<\/p>\n<p>La exposici\u00f3n a los rayos UV es acumulativa y est\u00e1 asociada al 90% de todos los c\u00e1nceres de piel. Numerosos estudios han demostrado da\u00f1os asim\u00e9tricos en la piel de conductores habituales, cuyo brazo izquierdo y ese lado de la cara (el derecho, en aquellos pa\u00edses en los que se conduce a ese lado), sufre m\u00e1s lesiones que el otro lado. La ley no permite laminar las ventanillas laterales delanteras, pero s\u00ed est\u00e1 permitido hacerlo en las ventanillas traseras, plazas en las que viajan los ni\u00f1os, m\u00e1s sensibles a la exposici\u00f3n.<\/p>\n<p>La Skin Cancer Foundation recomienda laminar las lunas de los veh\u00edculos. <strong><a href=\"https:\/\/www.carglass.es\/blog\/carglass-news\/carglass-helping-cancer-laminado-lunas\/\">Carglass<sup>\u00ae<\/sup> Espa\u00f1a y Helping C\u00e1ncer han llegado a un acuerdo para facilitar a los usuarios de esta ONG la instalaci\u00f3n l\u00e1minas de protecci\u00f3n solar en sus coches<\/a><\/strong> a un precio ventajoso.<\/p>\n<p>Carglass<sup>\u00ae<\/sup> emplea l\u00e1minas metalizadas de la m\u00e1xima calidad y protecci\u00f3n, con garant\u00eda de por vida sin p\u00e9rdida de color. Adem\u00e1s, se emplea un programa de corte autom\u00e1tico con plotter que aumenta la precisi\u00f3n, agiliza el servicio y ahorra tiempo al cliente.<\/p>\n<h2><strong>Otros beneficios del laminado de lunas<\/strong><\/h2>\n<p>Adem\u00e1s de por una cuesti\u00f3n de salud, <strong>el laminado tambi\u00e9n mejora la seguridad al volante<\/strong>, pues reduce los deslumbramientos, la fatiga ocular y la temperatura del habit\u00e1culo. Otro beneficio que aporta es <strong>la protecci\u00f3n caso de impacto<\/strong>, pues la l\u00e1mina evita que el cristal de la ventanilla se rompa en mil pedazos; y tambi\u00e9n contra los amantes de lo ajeno, pues no deja ver lo que hay en el interior del coche.<\/p>\n<p>Todos los ocupantes del veh\u00edculo se benefician del aumento de confort que proporcionan las lunas laminadas por la menor incidencia de los rayos solares en el interior del coche. Y adem\u00e1s, Las lunas laminadas \u201cpermiten un mejor uso del aire acondicionado\u201d, en palabras de la Direcci\u00f3n General de Tr\u00e1fico. Y esto redunda en un menor consumo de combustible. No olvidemos que el uso de aire acondicionado supone un incremento del consumo de un 4,6 % en los di\u00e9sel, un 3,8 % en los coches de gasolina y un 6,1 % en los h\u00edbridos, seg\u00fan un estudio de Emission Analytics.<\/p>\n","protected":false},"excerpt":{"rendered":"<p>Carglass<sup>\u00ae<\/sup> Espa\u00f1a ofrece un 20% de descuento en el laminado de lunas, promoci\u00f3n que estar\u00e1 vigente hasta el 29 de junio del 2019. Esta protecci\u00f3n contra la peligrosa radiaci\u00f3n solar que recibimos en el coche est\u00e1 especialmente indicada en esta \u00e9poca del a\u00f1o, en la que aumenta la intensidad de los rayos solares y el<\/p>\n","protected":false},"author":21,"featured_media":4352,"comment_status":"open","ping_status":"open","sticky":false,"template":"","format":"standard","meta":{"_acf_changed":false,"site-sidebar-layout":"default","site-content-layout":"","ast-site-content-layout":"default","site-content-style":"default","site-sidebar-style":"default","ast-global-header-display":"","ast-banner-title-visibility":"","ast-main-header-display":"","ast-hfb-above-header-display":"","ast-hfb-below-header-display":"","ast-hfb-mobile-header-display":"","site-post-title":"","ast-breadcrumbs-content":"","ast-featured-img":"","footer-sml-layout":"","theme-transparent-header-meta":"","adv-header-id-meta":"","stick-header-meta":"","header-above-stick-meta":"","header-main-stick-meta":"","header-below-stick-meta":"","astra-migrate-meta-layouts":"default","ast-page-background-enabled":"default","ast-page-background-meta":{"desktop":{"background-color":"var(--ast-global-color-4)","background-image":"","background-repeat":"repeat","background-position":"center center","background-size":"auto","background-attachment":"scroll","background-type":"","background-media":"","overlay-type":"","overlay-color":"","overlay-opacity":"","overlay-gradient":""},"tablet":{"background-color":"","background-image":"","background-repeat":"repeat","background-position":"center center","background-size":"auto","background-attachment":"scroll","background-type":"","background-media":"","overlay-type":"","overlay-color":"","overlay-opacity":"","overlay-gradient":""},"mobile":{"background-color":"","background-image":"","background-repeat":"repeat","background-position":"center center","background-size":"auto","background-attachment":"scroll","background-type":"","background-media":"","overlay-type":"","overlay-color":"","overlay-opacity":"","overlay-gradient":""}},"ast-content-background-meta":{"desktop":{"background-color":"var(--ast-global-color-5)","background-image":"","background-repeat":"repeat","background-position":"center center","background-size":"auto","background-attachment":"scroll","background-type":"","background-media":"","overlay-type":"","overlay-color":"","overlay-opacity":"","overlay-gradient":""},"tablet":{"background-color":"var(--ast-global-color-5)","background-image":"","background-repeat":"repeat","background-position":"center center","background-size":"auto","background-attachment":"scroll","background-type":"","background-media":"","overlay-type":"","overlay-color":"","overlay-opacity":"","overlay-gradient":""},"mobile":{"background-color":"var(--ast-global-color-5)","background-image":"","background-repeat":"repeat","background-position":"center center","background-size":"auto","background-attachment":"scroll","background-type":"","background-media":"","overlay-type":"","overlay-color":"","overlay-opacity":"","overlay-gradient":""}},"footnotes":""},"categories":[2],"tags":[],"class_list":["post-4350","post","type-post","status-publish","format-standard","has-post-thumbnail","hentry","category-carglass-news"],"acf":[],"_links":{"self":[{"href":"https:\/\/www.carglass.es\/blog\/wp-json\/wp\/v2\/posts\/4350","targetHints":{"allow":["GET"]}}],"collection":[{"href":"https:\/\/www.carglass.es\/blog\/wp-json\/wp\/v2\/posts"}],"about":[{"href":"https:\/\/www.carglass.es\/blog\/wp-json\/wp\/v2\/types\/post"}],"author":[{"embeddable":true,"href":"https:\/\/www.carglass.es\/blog\/wp-json\/wp\/v2\/users\/21"}],"replies":[{"embeddable":true,"href":"https:\/\/www.carglass.es\/blog\/wp-json\/wp\/v2\/comments?post=4350"}],"version-history":[{"count":2,"href":"https:\/\/www.carglass.es\/blog\/wp-json\/wp\/v2\/posts\/4350\/revisions"}],"predecessor-version":[{"id":4353,"href":"https:\/\/www.carglass.es\/blog\/wp-json\/wp\/v2\/posts\/4350\/revisions\/4353"}],"wp:featuredmedia":[{"embeddable":true,"href":"https:\/\/www.carglass.es\/blog\/wp-json\/wp\/v2\/media\/4352"}],"wp:attachment":[{"href":"https:\/\/www.carglass.es\/blog\/wp-json\/wp\/v2\/media?parent=4350"}],"wp:term":[{"taxonomy":"category","embeddable":true,"href":"https:\/\/www.carglass.es\/blog\/wp-json\/wp\/v2\/categories?post=4350"},{"taxonomy":"post_tag","embeddable":true,"href":"https:\/\/www.carglass.es\/blog\/wp-json\/wp\/v2\/tags?post=4350"}],"curies":[{"name":"wp","href":"https:\/\/api.w.org\/{rel}","templated":true}]}}