{"id":4270,"date":"2019-04-05T09:51:00","date_gmt":"2019-04-05T09:51:00","guid":{"rendered":"https:\/\/www.carglass.es\/blog\/?p=4270"},"modified":"2020-02-17T11:49:24","modified_gmt":"2020-02-17T11:49:24","slug":"ponentes-tecnologia-seguridad-vial","status":"publish","type":"post","link":"https:\/\/www.carglass.es\/blog\/carglass-news\/ponentes-tecnologia-seguridad-vial\/","title":{"rendered":"Pere Navarro, Juli Gendrau y Sonia D\u00edaz de Corcuera, juntos en la IV Jornada sobre Tecnolog\u00eda y Seguridad Vial"},"content":{"rendered":"<p>El pr\u00f3ximo lunes, 8 de abril, se celebra en Madrid (Auditorio Mutua Madrile\u00f1a), la <strong><a href=\"https:\/\/www.carglass.es\/blog\/carglass-news\/tecnologia-movilidad-seguridad-vial\/\">IV Jornada sobre Tecnolog\u00eda y Seguridad Vial<\/a><\/strong>; organizada por la Fundaci\u00f3n Espa\u00f1ola para la Seguridad Vial (FESVIAL) y Carglass<sup>\u00ae<\/sup>\u00a0 Espa\u00f1a, con la colaboraci\u00f3n de Radio Nacional de Espa\u00f1a (RNE).<\/p>\n<h2>Los ponentes y debates de esta edici\u00f3n<\/h2>\n<p>Esta jornada reunir\u00e1, por primera vez, a los tres m\u00e1ximos responsables de Tr\u00e1fico en Espa\u00f1a: Pere Navarro (Director General de Tr\u00e1fico), Juli Gendrau (Director del Servei Catal\u00e0 de Tr\u00e0nsit) y Sonia D\u00edaz De Corcuera (Directora de Tr\u00e1fico Gobierno Vasco), que nos dar\u00e1n la visi\u00f3n de las administraciones del estado sobre los temas candentes relativos a la seguridad vial y la movilidad sostenible.<\/p>\n<p>Entre muchos otros temas, se tratar\u00e1 c\u00f3mo ha contribuido la tecnolog\u00eda a la reducci\u00f3n de la siniestralidad y se explicar\u00e1n los beneficios\u00a0de la inclusi\u00f3n obligatoria en los autom\u00f3viles de los sistemas de seguridad ADAS de frenada aut\u00f3noma de emergencia y alerta de cambio involuntario de carril.<\/p>\n<p>Neil Rogers (Director General de Carglass<sup>\u00ae<\/sup>), realizar\u00e1 la apertura de un evento presentado por la periodista Marta Solano, que tambi\u00e9n contar\u00e1 con dos de los m\u00e1ximos representantes de la ONU en seguridad vial: Robert Nowak (Responsable de Asuntos Econ\u00f3micos de la Divisi\u00f3n de Transporte de la Comisi\u00f3n Econ\u00f3mica para Europa de Naciones Unidas; de la que depende el F\u00f3rum Global para la Seguridad Vial, \u00fanico \u00f3rgano permanente de la ONU en la materia) y Jean Todt (Presidente de la FIA y Enviado Especial de la Seguridad Vial de la ONU).<\/p>\n<p>El fil\u00f3sofo, ensayista y catedr\u00e1tico Javier Echeverr\u00eda (Vicepresidente de Jakiunde, Academia de Ciencias, Artes y Letras), aportar\u00e1 su punto de vista sobre la visi\u00f3n de la tecnolog\u00eda, la movilidad y seguridad vial en la sociedad actual: \u00bfEstamos preparados para las ciudades inteligentes y la conducci\u00f3n aut\u00f3noma? \u00bfCu\u00e1l es el papel del factor humano en esta nueva realidad?<\/p>\n<p>La \u00faltima mesa de la jornada estar\u00e1 compuesta por un grupo de prestigiosos periodistas expertos en motor y seguridad vial, que analizar\u00e1n el papel y compromiso de los medios de comunicaci\u00f3n como transmisores y sensibilizadores frente a la problem\u00e1tica social de los accidentes de tr\u00e1fico.<\/p>\n<p>El evento lo cerrar\u00e1 Johan Mortier, Director de Belron Technical, que hablar\u00e1 sobre el papel clave del parabrisas en la seguridad vial y la importancia de recalibrar las c\u00e1maras de los sistemas ADAS tras una sustituci\u00f3n del parabrisas para asegurar que funcionan con precisi\u00f3n y proporcionan la informaci\u00f3n correcta.<\/p>\n<p>Para m\u00e1s informaci\u00f3n se puede <strong><a href=\"http:\/\/www.tecnologiayseguridadvial.es\" target=\"_blank\" rel=\"noopener\">acceder a la web<\/a><\/strong>. En esta p\u00e1gina tambi\u00e9n est\u00e1 disponible un resumen de la primera, segunda y tercera edici\u00f3n de este evento, el programa de la jornada, e informaci\u00f3n sobre ponentes y participantes.<\/p>\n","protected":false},"excerpt":{"rendered":"<p>El pr\u00f3ximo lunes, 8 de abril, se celebra en Madrid (Auditorio Mutua Madrile\u00f1a), la IV Jornada sobre Tecnolog\u00eda y Seguridad Vial; organizada por la Fundaci\u00f3n Espa\u00f1ola para la Seguridad Vial (FESVIAL) y Carglass<sup>\u00ae<\/sup>\u00a0 Espa\u00f1a, con la colaboraci\u00f3n de Radio Nacional de Espa\u00f1a (RNE). Los ponentes y debates de esta edici\u00f3n Esta jornada reunir\u00e1, por primera<\/p>\n","protected":false},"author":21,"featured_media":4272,"comment_status":"open","ping_status":"open","sticky":false,"template":"","format":"standard","meta":{"_acf_changed":false,"site-sidebar-layout":"default","site-content-layout":"","ast-site-content-layout":"default","site-content-style":"default","site-sidebar-style":"default","ast-global-header-display":"","ast-banner-title-visibility":"","ast-main-header-display":"","ast-hfb-above-header-display":"","ast-hfb-below-header-display":"","ast-hfb-mobile-header-display":"","site-post-title":"","ast-breadcrumbs-content":"","ast-featured-img":"","footer-sml-layout":"","theme-transparent-header-meta":"","adv-header-id-meta":"","stick-header-meta":"","header-above-stick-meta":"","header-main-stick-meta":"","header-below-stick-meta":"","astra-migrate-meta-layouts":"default","ast-page-background-enabled":"default","ast-page-background-meta":{"desktop":{"background-color":"var(--ast-global-color-4)","background-image":"","background-repeat":"repeat","background-position":"center center","background-size":"auto","background-attachment":"scroll","background-type":"","background-media":"","overlay-type":"","overlay-color":"","overlay-opacity":"","overlay-gradient":""},"tablet":{"background-color":"","background-image":"","background-repeat":"repeat","background-position":"center center","background-size":"auto","background-attachment":"scroll","background-type":"","background-media":"","overlay-type":"","overlay-color":"","overlay-opacity":"","overlay-gradient":""},"mobile":{"background-color":"","background-image":"","background-repeat":"repeat","background-position":"center center","background-size":"auto","background-attachment":"scroll","background-type":"","background-media":"","overlay-type":"","overlay-color":"","overlay-opacity":"","overlay-gradient":""}},"ast-content-background-meta":{"desktop":{"background-color":"var(--ast-global-color-5)","background-image":"","background-repeat":"repeat","background-position":"center center","background-size":"auto","background-attachment":"scroll","background-type":"","background-media":"","overlay-type":"","overlay-color":"","overlay-opacity":"","overlay-gradient":""},"tablet":{"background-color":"var(--ast-global-color-5)","background-image":"","background-repeat":"repeat","background-position":"center center","background-size":"auto","background-attachment":"scroll","background-type":"","background-media":"","overlay-type":"","overlay-color":"","overlay-opacity":"","overlay-gradient":""},"mobile":{"background-color":"var(--ast-global-color-5)","background-image":"","background-repeat":"repeat","background-position":"center center","background-size":"auto","background-attachment":"scroll","background-type":"","background-media":"","overlay-type":"","overlay-color":"","overlay-opacity":"","overlay-gradient":""}},"footnotes":""},"categories":[2],"tags":[],"class_list":["post-4270","post","type-post","status-publish","format-standard","has-post-thumbnail","hentry","category-carglass-news"],"acf":[],"_links":{"self":[{"href":"https:\/\/www.carglass.es\/blog\/wp-json\/wp\/v2\/posts\/4270","targetHints":{"allow":["GET"]}}],"collection":[{"href":"https:\/\/www.carglass.es\/blog\/wp-json\/wp\/v2\/posts"}],"about":[{"href":"https:\/\/www.carglass.es\/blog\/wp-json\/wp\/v2\/types\/post"}],"author":[{"embeddable":true,"href":"https:\/\/www.carglass.es\/blog\/wp-json\/wp\/v2\/users\/21"}],"replies":[{"embeddable":true,"href":"https:\/\/www.carglass.es\/blog\/wp-json\/wp\/v2\/comments?post=4270"}],"version-history":[{"count":3,"href":"https:\/\/www.carglass.es\/blog\/wp-json\/wp\/v2\/posts\/4270\/revisions"}],"predecessor-version":[{"id":5116,"href":"https:\/\/www.carglass.es\/blog\/wp-json\/wp\/v2\/posts\/4270\/revisions\/5116"}],"wp:featuredmedia":[{"embeddable":true,"href":"https:\/\/www.carglass.es\/blog\/wp-json\/wp\/v2\/media\/4272"}],"wp:attachment":[{"href":"https:\/\/www.carglass.es\/blog\/wp-json\/wp\/v2\/media?parent=4270"}],"wp:term":[{"taxonomy":"category","embeddable":true,"href":"https:\/\/www.carglass.es\/blog\/wp-json\/wp\/v2\/categories?post=4270"},{"taxonomy":"post_tag","embeddable":true,"href":"https:\/\/www.carglass.es\/blog\/wp-json\/wp\/v2\/tags?post=4270"}],"curies":[{"name":"wp","href":"https:\/\/api.w.org\/{rel}","templated":true}]}}