{"id":4179,"date":"2019-04-03T07:56:00","date_gmt":"2019-04-03T07:56:00","guid":{"rendered":"https:\/\/www.carglass.es\/blog\/?p=4179"},"modified":"2019-04-09T15:23:54","modified_gmt":"2019-04-09T15:23:54","slug":"v-carrera-solidaria-corriendown","status":"publish","type":"post","link":"https:\/\/www.carglass.es\/blog\/carglass-news\/v-carrera-solidaria-corriendown\/","title":{"rendered":"La V carrera solidaria &#8216;Corriendown&#8217;"},"content":{"rendered":"<p><strong><a href=\"https:\/\/www.carglass.es\/\">Carglass<sup>\u00ae<\/sup> Espa\u00f1a<\/a><\/strong> ha patrocinado, un a\u00f1o m\u00e1s, la carrera solidaria Corriendown, cuya quinta edici\u00f3n se ha disputado este domingo en el Parque del Alamillo de Sevilla. Como todos los a\u00f1os, esta prueba fue un \u00e9xito de participaci\u00f3n, con cerca de 2.000 inscritos y el apoyo solidario de numerosas organizaciones y cuerpos, como el de los Bomberos de Sevilla o la Unidad Militar de Emergencias. Adem\u00e1s, Carglass ha colaborado realizando las 1.500 mochilas que se regalaron a los inscritos a la carrera al recoger su dorsal.<\/p>\n<p><img loading=\"lazy\" decoding=\"async\" class=\"alignnone size-full wp-image-4295 aligncenter\" src=\"https:\/\/www.carglass.es\/blog\/wp-content\/uploads\/2019\/04\/carrera-Corriendown.jpg.webp\" alt=\"carrera Carglass Corriendown\" width=\"567\" height=\"304\" \/><\/p>\n<p>Organizada por la Asociaci\u00f3n S\u00edndrome de Down Sevilla (ASEDOWN), bajo el lema \u201ccada uno a su ritmo, todos llegamos\u201d, Corriendown en una gran fiesta en la que conviven socios, amigos y personas involucradas con la lucha por los derechos de las personas con discapacidad.<\/p>\n<p>La carrera de adultos tuvo un recorrido de 5 kil\u00f3metros; y la infantil, de 500 metros. La llegada de esta \u00faltima fue uno de los momentos m\u00e1s motivos del fin de semana y dio paso a la \u2018Run Party\u2019, una fiesta de Ocio familiar para disfrutar del d\u00eda entre familias y amigos con actuaciones, m\u00fasica, ambig\u00fa, t\u00f3mbola, talleres y castillos hinchables.<\/p>\n<p>Todos los beneficios recogidos gracias a la carrera van destinados \u00edntegramente a la Asociaci\u00f3n Down de Sevilla. Adem\u00e1s, la carrera solidaria Corriendown busca sensibilizar de los beneficios que aporta la actividad f\u00edsica para la salud y las relaciones sociales, tanto en personas con y sin discapacidad.<\/p>\n<p style=\"text-align: center;\"><iframe loading=\"lazy\" src=\"https:\/\/www.youtube.com\/embed\/0A9VF5Dv_Ks\" width=\"560\" height=\"315\" frameborder=\"0\" allowfullscreen=\"allowfullscreen\"><\/iframe><\/p>\n<h2><strong>Una empresa con verdadera responsabilidad social<\/strong><\/h2>\n<p>Carglass<sup>\u00ae<\/sup> Espa\u00f1a ha desarrollado en los \u00faltimos a\u00f1os numerosas acciones de car\u00e1cter social y solidario, como la recogida de tapones de pl\u00e1stico que son transportados al centro log\u00edstico de Carglass<sup>\u00ae<\/sup>, en Ciempozuelos (Madrid), por la propia red de transporte y distribuci\u00f3n de la empresa, destin\u00e1ndose lo recaudado a financiar los proyectos de fundaciones y ONG elegidas tambi\u00e9n a votaci\u00f3n por los empleados. La Asociaci\u00f3n de La Safor de Ayuda a Enfermos Mentales (ASAEM) recibi\u00f3 el donativo correspondiente a la venta de las m\u00e1s de 24 toneladas de tapones de pl\u00e1stico que se recolectaron en todos los Centros Carglass<sup>\u00ae<\/sup> en 2017.<\/p>\n<p>Por otra parte, en julio de 2017 Carglass<sup>\u00ae<\/sup> incorpor\u00f3 en su plantilla a 6 de las 10 personas en riesgo de exclusi\u00f3n a las que ofreci\u00f3 formaci\u00f3n t\u00e9cnica en algunos de sus centros de Madrid con el objetivo de facilitar su inserci\u00f3n en el mercado laboral. Esta acci\u00f3n forma parte de la colaboraci\u00f3n iniciada con la Asociaci\u00f3n Candelita, que desde 1993 trabaja para ofrecer igualdad de oportunidades de todos aquellos colectivos que sufren los efectos de la discriminaci\u00f3n social. Esta formaci\u00f3n se desarroll\u00f3 en el primer trimestre y tuvo una duraci\u00f3n de 100 horas, durante las que la empresa asumi\u00f3 todos los gastos incurridos en dietas y transporte para que estas personas pudieran recibir la formaci\u00f3n adecuadamente en 3 centros de servicio de Madrid.<\/p>\n<p>La empresa colabora tambi\u00e9n activamente con \u2018Pulseras Candela\u2019, una iniciativa impulsada por la Fundaci\u00f3n San Juan de Dios destinada a recaudar fondos para la investigaci\u00f3n del c\u00e1ncer infantil. La compa\u00f1\u00eda distribuye en todos sus centros de servicios unas pulseras de hilo que comenz\u00f3 a hacer Candela, una ni\u00f1a a la que desde muy peque\u00f1a se le detect\u00f3 leucemia y que aprendi\u00f3 a hacerlas para pasar el rato durante su ingreso en este hospital, a cuya fundaci\u00f3n se destina ahora toda la recaudaci\u00f3n. Carglass<sup>\u00ae<\/sup> utiliza sus centros de servicio para distribuir por todo el territorio nacional las pulseras cuyo donativo asciende a 3 euros por pulsera. Desde 2016 se han recaudado \u00a029.164 euros.<\/p>\n<p>Otras acciones solidarias llevadas a cabo por la entidad han sido el patrocinio de la \u2018Corriendown Sevilla\u2019 y del XV Certamen de pintura r\u00e1pida al aire libre en Alcal\u00e1 de Henares. Adem\u00e1s, la entidad colabora desde hace 4 a\u00f1os con la Fundaci\u00f3n Miquel Valls, fundaci\u00f3n catalana de Esclerosis Lateral Amiotr\u00f3fica, dentro del programa Teaming, adem\u00e1s de otras colaboraciones cuya finalidad es apoyar esta iniciativa de ayuda a enfermos de ELA y sus familias.<\/p>\n<p>Otra ONG con la que colabora la empresa desde hace muchos a\u00f1os es el Grupo de Cooperaci\u00f3n Aguiluchos, mediante la organizaci\u00f3n de fiestas, entrega de rosa solidaria y libro en la festividad de Sant Jordi, etc. Igualmente, en diciembre se celebr\u00f3 el Concierto Solidario por las victimas de tr\u00e1fico en el Teatro Espa\u00f1ol (Madrid), en el que la compa\u00f1\u00eda realiz\u00f3 un donativo de 10.000 euros a la Fundaci\u00f3n AESLEME que ayuda a las v\u00edctimas de tr\u00e1fico.<\/p>\n<p>Finalmente cabe destacar que, en los \u00faltimos 15 a\u00f1os, las compa\u00f1\u00edas del Grupo Belron, entre las que est\u00e1 Carglass<sup>\u00ae<\/sup>, han invertido en el proyecto de Afrika Tikkun 7,5 millones de euros, que beneficia, con car\u00e1cter anual, a m\u00e1s de 1.200 ni\u00f1os y facilita que alrededor de 700 adultos sean contratados.<\/p>\n","protected":false},"excerpt":{"rendered":"<p>Carglass<sup>\u00ae<\/sup> Espa\u00f1a ha patrocinado, un a\u00f1o m\u00e1s, la carrera solidaria Corriendown, cuya quinta edici\u00f3n se ha disputado este domingo en el Parque del Alamillo de Sevilla. Como todos los a\u00f1os, esta prueba fue un \u00e9xito de participaci\u00f3n, con cerca de 2.000 inscritos y el apoyo solidario de numerosas organizaciones y cuerpos, como el de los<\/p>\n","protected":false},"author":21,"featured_media":4187,"comment_status":"open","ping_status":"open","sticky":false,"template":"","format":"standard","meta":{"_acf_changed":false,"site-sidebar-layout":"default","site-content-layout":"","ast-site-content-layout":"default","site-content-style":"default","site-sidebar-style":"default","ast-global-header-display":"","ast-banner-title-visibility":"","ast-main-header-display":"","ast-hfb-above-header-display":"","ast-hfb-below-header-display":"","ast-hfb-mobile-header-display":"","site-post-title":"","ast-breadcrumbs-content":"","ast-featured-img":"","footer-sml-layout":"","theme-transparent-header-meta":"","adv-header-id-meta":"","stick-header-meta":"","header-above-stick-meta":"","header-main-stick-meta":"","header-below-stick-meta":"","astra-migrate-meta-layouts":"default","ast-page-background-enabled":"default","ast-page-background-meta":{"desktop":{"background-color":"var(--ast-global-color-4)","background-image":"","background-repeat":"repeat","background-position":"center center","background-size":"auto","background-attachment":"scroll","background-type":"","background-media":"","overlay-type":"","overlay-color":"","overlay-opacity":"","overlay-gradient":""},"tablet":{"background-color":"","background-image":"","background-repeat":"repeat","background-position":"center center","background-size":"auto","background-attachment":"scroll","background-type":"","background-media":"","overlay-type":"","overlay-color":"","overlay-opacity":"","overlay-gradient":""},"mobile":{"background-color":"","background-image":"","background-repeat":"repeat","background-position":"center center","background-size":"auto","background-attachment":"scroll","background-type":"","background-media":"","overlay-type":"","overlay-color":"","overlay-opacity":"","overlay-gradient":""}},"ast-content-background-meta":{"desktop":{"background-color":"var(--ast-global-color-5)","background-image":"","background-repeat":"repeat","background-position":"center center","background-size":"auto","background-attachment":"scroll","background-type":"","background-media":"","overlay-type":"","overlay-color":"","overlay-opacity":"","overlay-gradient":""},"tablet":{"background-color":"var(--ast-global-color-5)","background-image":"","background-repeat":"repeat","background-position":"center center","background-size":"auto","background-attachment":"scroll","background-type":"","background-media":"","overlay-type":"","overlay-color":"","overlay-opacity":"","overlay-gradient":""},"mobile":{"background-color":"var(--ast-global-color-5)","background-image":"","background-repeat":"repeat","background-position":"center center","background-size":"auto","background-attachment":"scroll","background-type":"","background-media":"","overlay-type":"","overlay-color":"","overlay-opacity":"","overlay-gradient":""}},"footnotes":""},"categories":[2],"tags":[],"class_list":["post-4179","post","type-post","status-publish","format-standard","has-post-thumbnail","hentry","category-carglass-news"],"acf":[],"_links":{"self":[{"href":"https:\/\/www.carglass.es\/blog\/wp-json\/wp\/v2\/posts\/4179","targetHints":{"allow":["GET"]}}],"collection":[{"href":"https:\/\/www.carglass.es\/blog\/wp-json\/wp\/v2\/posts"}],"about":[{"href":"https:\/\/www.carglass.es\/blog\/wp-json\/wp\/v2\/types\/post"}],"author":[{"embeddable":true,"href":"https:\/\/www.carglass.es\/blog\/wp-json\/wp\/v2\/users\/21"}],"replies":[{"embeddable":true,"href":"https:\/\/www.carglass.es\/blog\/wp-json\/wp\/v2\/comments?post=4179"}],"version-history":[{"count":11,"href":"https:\/\/www.carglass.es\/blog\/wp-json\/wp\/v2\/posts\/4179\/revisions"}],"predecessor-version":[{"id":4296,"href":"https:\/\/www.carglass.es\/blog\/wp-json\/wp\/v2\/posts\/4179\/revisions\/4296"}],"wp:featuredmedia":[{"embeddable":true,"href":"https:\/\/www.carglass.es\/blog\/wp-json\/wp\/v2\/media\/4187"}],"wp:attachment":[{"href":"https:\/\/www.carglass.es\/blog\/wp-json\/wp\/v2\/media?parent=4179"}],"wp:term":[{"taxonomy":"category","embeddable":true,"href":"https:\/\/www.carglass.es\/blog\/wp-json\/wp\/v2\/categories?post=4179"},{"taxonomy":"post_tag","embeddable":true,"href":"https:\/\/www.carglass.es\/blog\/wp-json\/wp\/v2\/tags?post=4179"}],"curies":[{"name":"wp","href":"https:\/\/api.w.org\/{rel}","templated":true}]}}