{"id":4097,"date":"2019-03-26T08:56:43","date_gmt":"2019-03-26T08:56:43","guid":{"rendered":"https:\/\/www.carglass.es\/blog\/?p=4097"},"modified":"2020-02-17T11:42:56","modified_gmt":"2020-02-17T11:42:56","slug":"tecnologia-movilidad-seguridad-vial","status":"publish","type":"post","link":"https:\/\/www.carglass.es\/blog\/carglass-news\/tecnologia-movilidad-seguridad-vial\/","title":{"rendered":"IV JORNADA DE TECNOLOG\u00cdA Y SEGURIDAD VIAL"},"content":{"rendered":"<h2><b>LA MOVILIDAD DEL FUTURO ES AHORA<\/b><\/h2>\n<p><span style=\"font-weight: 400;\">Esta iniciativa de <strong><a href=\"https:\/\/www.carglass.es\/\">Carglass<sup>\u00ae<\/sup><\/a><\/strong> naci\u00f3 en el a\u00f1o 2016 con la primera Jornada, y su buena acogida ha convertido <strong><a href=\"https:\/\/tecnologiayseguridadvial.es\/\" target=\"_blank\" rel=\"noopener\">el evento en referente en el sector de la seguridad vial, movilidad sostenible y tecnolog\u00eda<\/a><\/strong>. El pr\u00f3ximo 8 de abril asistiremos a su cuarta edici\u00f3n, <\/span><span style=\"font-weight: 400;\">y bajo el lema \u201cLa movilidad del futuro es ahora\u201d, una constelaci\u00f3n de ponentes debatir\u00e1n sobre el futuro de la seguridad vial y la movilidad sostenible, y los retos tecnol\u00f3gicos y humanos que se afrontan. <\/span><\/p>\n<h2><b>\u00bfPOR QU\u00c9 ES UN EVENTO REFERENTE EN EL SECTOR?<\/b><\/h2>\n<p><span style=\"font-weight: 400;\">Estas jornadas, organizadas por Carglass<sup>\u00ae<\/sup> junto con Fesvial (Fundaci\u00f3n para la Seguridad Vial), nacieron con la vocaci\u00f3n de incrementar el conocimiento sobre tecnolog\u00eda por parte del conductor en lo que se refiere al mundo del transporte, m\u00e1s concretamente, en la aplicaci\u00f3n y uso de la tecnolog\u00eda al autom\u00f3vil.<\/span><\/p>\n<p><span style=\"font-weight: 400;\">Esta Jornada tambi\u00e9n tiene la vocaci\u00f3n de hacer de portavoz para que ciertos sistemas de seguridad ADAS, como la frenada aut\u00f3noma de emergencia y la alerta de cambio involuntario de carril, sean obligatorios por ley en todos los autom\u00f3viles a partir de 2021.<\/span><\/p>\n<p><span style=\"font-weight: 400;\">Otro de los debates que se ponen encima de la mesa es la formaci\u00f3n en seguridad vial, actualmente inexistente en nuestro pa\u00eds, y extremadamente necesario para la transformaci\u00f3n y concienciaci\u00f3n de nuestra sociedad. <\/span><\/p>\n<h2><b>CONOCE A NUESTROS PONENTES<\/b><\/h2>\n<p><span style=\"font-weight: 400;\">La apertura de esta cuarta Jornada correr\u00e1 a cargo de Neil Rogers, Director General de Carglass<sup>\u00ae<\/sup>, y la periodista Marta Solano presentar\u00e1 el evento. <\/span><\/p>\n<p><span style=\"font-weight: 400;\">Contaremos con la presencia de Luis Montoro, Presidente de Fesvial, Pere Navarro, Director General de Tr\u00e1fico (DGT Ministerio del Interior), Juli Gendrau, Director del Servei Catal\u00e0 del Tr\u00e0nsit (Generalitat Catalunya) y Sonia D\u00edaz de Corcuera, Directora de Tr\u00e1fico del Gobierno Vasco (Seguridad del Gobierno Vasco) entre otros. <\/span><\/p>\n<p><span style=\"font-weight: 400;\">La visi\u00f3n internacional en materia de movilidad vendr\u00e1 de la mano de dos de los m\u00e1ximos representantes de la ONU en seguridad vial: Robert Nowak (F\u00f3rum Global para la Seguridad Vial) y Jean Todt (Presidente de la FIA y enviado especial de la Seguridad Vial de la ONU) y <\/span><span style=\"font-weight: 400;\">hablar\u00e1n sobre los objetivos en seguridad vial de la ONU y si conseguir la Visi\u00f3n Zero en la pr\u00f3xima d\u00e9cada es un objetivo realizable. Tambi\u00e9n hablar\u00e1n de los nuevos retos en movilidad, de si los sistemas de seguridad que salvan vidas deber\u00edan ser obligatorios y de papel de los gobiernos para reducir las v\u00edctimas.<\/span><\/p>\n<p><span style=\"font-weight: 400;\">Por otro lado, y desde otro punto de vista totalmente opuesto, contaremos con la participaci\u00f3n del fil\u00f3sofo, ensayista y catedr\u00e1tico Javier Echeverr\u00eda (Vicepresidente de Jakiunde, Academia de Ciencias, Artes y Letras), quien aportar\u00e1 su punto de vista sobre la visi\u00f3n de la tecnolog\u00eda, la movilidad y seguridad vial en la sociedad actual: \u00bfEstamos preparados para las ciudades inteligentes y la conducci\u00f3n aut\u00f3noma? \u00bfCu\u00e1l es el papel del factor humano en esta nueva realidad?<\/span><\/p>\n<p><span style=\"font-weight: 400;\">La \u00faltima mesa de la jornada estar\u00e1 compuesta por un grupo de prestigiosos periodistas expertos en motor y seguridad vial, que analizar\u00e1n el papel y compromiso de los medios de comunicaci\u00f3n como trasmisores y sensibilizadores frente a la problem\u00e1tica social de los accidentes de tr\u00e1fico.<\/span><\/p>\n<p><span style=\"font-weight: 400;\">El evento lo cerrar\u00e1 Johan Mortier, Director de Belron<sup>\u00ae<\/sup> Technical, qui\u00e9n hablar\u00e1 sobre el papel clave del parabrisas en la seguridad vial y la importancia de recalibrar <\/span><span style=\"font-weight: 400;\">las c\u00e1maras de los sistemas ADAS <\/span><span style=\"font-weight: 400;\">tras una sustituci\u00f3n del parabrisas para asegurar que funcionan con precisi\u00f3n y proporcionan la informaci\u00f3n correcta.<\/span><\/p>\n<p><span style=\"font-weight: 400;\">La jornada tendr\u00e1 lugar este lunes 8 de abril, de 9:30 a 14:30 h en el Auditorio de la Castellana n\u00famero 33 y&#8230; \u00a1nosotros estaremos all\u00ed para cont\u00e1rtelo todo!.<\/span><\/p>\n","protected":false},"excerpt":{"rendered":"<p>LA MOVILIDAD DEL FUTURO ES AHORA Esta iniciativa de Carglass<sup>\u00ae<\/sup> naci\u00f3 en el a\u00f1o 2016 con la primera Jornada, y su buena acogida ha convertido el evento en referente en el sector de la seguridad vial, movilidad sostenible y tecnolog\u00eda. El pr\u00f3ximo 8 de abril asistiremos a su cuarta edici\u00f3n, y bajo el lema \u201cLa<\/p>\n","protected":false},"author":21,"featured_media":4102,"comment_status":"open","ping_status":"open","sticky":false,"template":"","format":"standard","meta":{"_acf_changed":false,"site-sidebar-layout":"default","site-content-layout":"","ast-site-content-layout":"default","site-content-style":"default","site-sidebar-style":"default","ast-global-header-display":"","ast-banner-title-visibility":"","ast-main-header-display":"","ast-hfb-above-header-display":"","ast-hfb-below-header-display":"","ast-hfb-mobile-header-display":"","site-post-title":"","ast-breadcrumbs-content":"","ast-featured-img":"","footer-sml-layout":"","theme-transparent-header-meta":"","adv-header-id-meta":"","stick-header-meta":"","header-above-stick-meta":"","header-main-stick-meta":"","header-below-stick-meta":"","astra-migrate-meta-layouts":"default","ast-page-background-enabled":"default","ast-page-background-meta":{"desktop":{"background-color":"var(--ast-global-color-4)","background-image":"","background-repeat":"repeat","background-position":"center center","background-size":"auto","background-attachment":"scroll","background-type":"","background-media":"","overlay-type":"","overlay-color":"","overlay-opacity":"","overlay-gradient":""},"tablet":{"background-color":"","background-image":"","background-repeat":"repeat","background-position":"center center","background-size":"auto","background-attachment":"scroll","background-type":"","background-media":"","overlay-type":"","overlay-color":"","overlay-opacity":"","overlay-gradient":""},"mobile":{"background-color":"","background-image":"","background-repeat":"repeat","background-position":"center center","background-size":"auto","background-attachment":"scroll","background-type":"","background-media":"","overlay-type":"","overlay-color":"","overlay-opacity":"","overlay-gradient":""}},"ast-content-background-meta":{"desktop":{"background-color":"var(--ast-global-color-5)","background-image":"","background-repeat":"repeat","background-position":"center center","background-size":"auto","background-attachment":"scroll","background-type":"","background-media":"","overlay-type":"","overlay-color":"","overlay-opacity":"","overlay-gradient":""},"tablet":{"background-color":"var(--ast-global-color-5)","background-image":"","background-repeat":"repeat","background-position":"center center","background-size":"auto","background-attachment":"scroll","background-type":"","background-media":"","overlay-type":"","overlay-color":"","overlay-opacity":"","overlay-gradient":""},"mobile":{"background-color":"var(--ast-global-color-5)","background-image":"","background-repeat":"repeat","background-position":"center center","background-size":"auto","background-attachment":"scroll","background-type":"","background-media":"","overlay-type":"","overlay-color":"","overlay-opacity":"","overlay-gradient":""}},"footnotes":""},"categories":[2],"tags":[],"class_list":["post-4097","post","type-post","status-publish","format-standard","has-post-thumbnail","hentry","category-carglass-news"],"acf":[],"_links":{"self":[{"href":"https:\/\/www.carglass.es\/blog\/wp-json\/wp\/v2\/posts\/4097","targetHints":{"allow":["GET"]}}],"collection":[{"href":"https:\/\/www.carglass.es\/blog\/wp-json\/wp\/v2\/posts"}],"about":[{"href":"https:\/\/www.carglass.es\/blog\/wp-json\/wp\/v2\/types\/post"}],"author":[{"embeddable":true,"href":"https:\/\/www.carglass.es\/blog\/wp-json\/wp\/v2\/users\/21"}],"replies":[{"embeddable":true,"href":"https:\/\/www.carglass.es\/blog\/wp-json\/wp\/v2\/comments?post=4097"}],"version-history":[{"count":6,"href":"https:\/\/www.carglass.es\/blog\/wp-json\/wp\/v2\/posts\/4097\/revisions"}],"predecessor-version":[{"id":5114,"href":"https:\/\/www.carglass.es\/blog\/wp-json\/wp\/v2\/posts\/4097\/revisions\/5114"}],"wp:featuredmedia":[{"embeddable":true,"href":"https:\/\/www.carglass.es\/blog\/wp-json\/wp\/v2\/media\/4102"}],"wp:attachment":[{"href":"https:\/\/www.carglass.es\/blog\/wp-json\/wp\/v2\/media?parent=4097"}],"wp:term":[{"taxonomy":"category","embeddable":true,"href":"https:\/\/www.carglass.es\/blog\/wp-json\/wp\/v2\/categories?post=4097"},{"taxonomy":"post_tag","embeddable":true,"href":"https:\/\/www.carglass.es\/blog\/wp-json\/wp\/v2\/tags?post=4097"}],"curies":[{"name":"wp","href":"https:\/\/api.w.org\/{rel}","templated":true}]}}