{"id":354,"date":"2015-05-25T15:16:12","date_gmt":"2015-05-25T15:16:12","guid":{"rendered":"https:\/\/carglasscomunicacion.es\/?p=354"},"modified":"2023-11-29T12:15:34","modified_gmt":"2023-11-29T10:15:34","slug":"hoy-es-el-dia-mundial-de-africa-conoceis-afrika-tikkun","status":"publish","type":"post","link":"https:\/\/www.carglass.es\/blog\/carglass-news\/hoy-es-el-dia-mundial-de-africa-conoceis-afrika-tikkun\/","title":{"rendered":"Hoy es el D\u00eda Mundial de \u00c1frica \u00bfConoc\u00e9is Afrika Tikkun?"},"content":{"rendered":"<p><strong>Afrika Tikkun es una organizaci\u00f3n sin \u00e1nimo de lucro reconocida por sus extensos programas de ayudas a ni\u00f1os y j\u00f3venes vulnerables en Sud\u00e1frica.\u00a0<\/strong><!--more--><\/p>\n<p>Carglass<sup>\u00ae<\/sup> junto con Belron<sup>\u00ae<\/sup> (el grupo al que pertenecemos) colabora con estos proyectos a nivel global mediante la recaudaci\u00f3n de fondos para ayudar a que esta instituci\u00f3n pueda destinar recursos materiales, educativos y ofrecer programas de ayudas sociales y salud para estos ni\u00f1os, adolescentes y sus respectivas familias.<\/p>\n<p>Para ello, anualmente organizamos una triathlon internacional donde participan trabajadores y familiares procedentes de todas las unidades de negocio que Belron<sup>\u00ae<\/sup> tiene en todo el mundo. Carglass<sup>\u00ae<\/sup> asume el coste de cada participaci\u00f3n a cambio de un donativo por parte de cada asistente que va destinado \u00edntegramente a Afrika Tikkun.<\/p>\n<p>\u00a1Aqu\u00ed podr\u00e1s ver un par de im\u00e1genes de la \u00faltima edici\u00f3n celebrada en 2014 mientras que nos preparamos para la de este a\u00f1o!<\/p>\n<p>&nbsp;<\/p>\n<p>Si quieres saber m\u00e1s sobre Afrika Tikkun <a href=\"https:\/\/afrikatikkun.org\/\" target=\"_blank\" rel=\"noopener noreferrer\">haz clic aqu\u00ed<\/a><\/p>\n","protected":false},"excerpt":{"rendered":"<p>Afrika Tikkun es una organizaci\u00f3n sin \u00e1nimo de lucro reconocida por sus extensos programas de ayudas a ni\u00f1os y j\u00f3venes vulnerables en Sud\u00e1frica.\u00a0<\/p>\n","protected":false},"author":11,"featured_media":371,"comment_status":"open","ping_status":"open","sticky":false,"template":"","format":"standard","meta":{"_acf_changed":false,"site-sidebar-layout":"default","site-content-layout":"default","ast-site-content-layout":"default","site-content-style":"default","site-sidebar-style":"default","ast-global-header-display":"","ast-banner-title-visibility":"","ast-main-header-display":"","ast-hfb-above-header-display":"","ast-hfb-below-header-display":"","ast-hfb-mobile-header-display":"","site-post-title":"","ast-breadcrumbs-content":"","ast-featured-img":"","footer-sml-layout":"","theme-transparent-header-meta":"default","adv-header-id-meta":"","stick-header-meta":"","header-above-stick-meta":"","header-main-stick-meta":"","header-below-stick-meta":"","astra-migrate-meta-layouts":"default","ast-page-background-enabled":"default","ast-page-background-meta":{"desktop":{"background-color":"var(--ast-global-color-4)","background-image":"","background-repeat":"repeat","background-position":"center center","background-size":"auto","background-attachment":"scroll","background-type":"","background-media":"","overlay-type":"","overlay-color":"","overlay-opacity":"","overlay-gradient":""},"tablet":{"background-color":"","background-image":"","background-repeat":"repeat","background-position":"center center","background-size":"auto","background-attachment":"scroll","background-type":"","background-media":"","overlay-type":"","overlay-color":"","overlay-opacity":"","overlay-gradient":""},"mobile":{"background-color":"","background-image":"","background-repeat":"repeat","background-position":"center center","background-size":"auto","background-attachment":"scroll","background-type":"","background-media":"","overlay-type":"","overlay-color":"","overlay-opacity":"","overlay-gradient":""}},"ast-content-background-meta":{"desktop":{"background-color":"var(--ast-global-color-5)","background-image":"","background-repeat":"repeat","background-position":"center center","background-size":"auto","background-attachment":"scroll","background-type":"","background-media":"","overlay-type":"","overlay-color":"","overlay-opacity":"","overlay-gradient":""},"tablet":{"background-color":"var(--ast-global-color-5)","background-image":"","background-repeat":"repeat","background-position":"center center","background-size":"auto","background-attachment":"scroll","background-type":"","background-media":"","overlay-type":"","overlay-color":"","overlay-opacity":"","overlay-gradient":""},"mobile":{"background-color":"var(--ast-global-color-5)","background-image":"","background-repeat":"repeat","background-position":"center center","background-size":"auto","background-attachment":"scroll","background-type":"","background-media":"","overlay-type":"","overlay-color":"","overlay-opacity":"","overlay-gradient":""}},"footnotes":""},"categories":[2],"tags":[39,9,40],"class_list":["post-354","post","type-post","status-publish","format-standard","has-post-thumbnail","hentry","category-carglass-news","tag-afrika-tikkun","tag-carglass","tag-dia-mundial-de-africa"],"acf":[],"_links":{"self":[{"href":"https:\/\/www.carglass.es\/blog\/wp-json\/wp\/v2\/posts\/354","targetHints":{"allow":["GET"]}}],"collection":[{"href":"https:\/\/www.carglass.es\/blog\/wp-json\/wp\/v2\/posts"}],"about":[{"href":"https:\/\/www.carglass.es\/blog\/wp-json\/wp\/v2\/types\/post"}],"author":[{"embeddable":true,"href":"https:\/\/www.carglass.es\/blog\/wp-json\/wp\/v2\/users\/11"}],"replies":[{"embeddable":true,"href":"https:\/\/www.carglass.es\/blog\/wp-json\/wp\/v2\/comments?post=354"}],"version-history":[{"count":17,"href":"https:\/\/www.carglass.es\/blog\/wp-json\/wp\/v2\/posts\/354\/revisions"}],"predecessor-version":[{"id":10927,"href":"https:\/\/www.carglass.es\/blog\/wp-json\/wp\/v2\/posts\/354\/revisions\/10927"}],"wp:featuredmedia":[{"embeddable":true,"href":"https:\/\/www.carglass.es\/blog\/wp-json\/wp\/v2\/media\/371"}],"wp:attachment":[{"href":"https:\/\/www.carglass.es\/blog\/wp-json\/wp\/v2\/media?parent=354"}],"wp:term":[{"taxonomy":"category","embeddable":true,"href":"https:\/\/www.carglass.es\/blog\/wp-json\/wp\/v2\/categories?post=354"},{"taxonomy":"post_tag","embeddable":true,"href":"https:\/\/www.carglass.es\/blog\/wp-json\/wp\/v2\/tags?post=354"}],"curies":[{"name":"wp","href":"https:\/\/api.w.org\/{rel}","templated":true}]}}