{"id":299,"date":"2015-04-28T10:35:22","date_gmt":"2015-04-28T10:35:22","guid":{"rendered":"https:\/\/carglasscomunicacion.es\/?p=299"},"modified":"2021-11-12T10:07:20","modified_gmt":"2021-11-12T10:07:20","slug":"gracias-femarec","status":"publish","type":"post","link":"https:\/\/www.carglass.es\/blog\/carglass-news\/gracias-femarec\/","title":{"rendered":"\u00a1Gracias FEMAREC!"},"content":{"rendered":"<p>La Fundaci\u00f3n FEMAREC, entidad que promueve la integraci\u00f3n social de grupos en riesgo de exclusi\u00f3n, ha agradecido la implicaci\u00f3n de Carglass<sup>\u00ae<\/sup> en varios proyectos de la Fundaci\u00f3n. Y lo ha hecho a trav\u00e9s de este anuncio tan bonito en El Peri\u00f3dico del pasado 9 de abril.<!--more--><\/p>\n<p>\u00bfQui\u00e9n es FEMAREC y cu\u00e1l es su misi\u00f3n?<\/p>\n<p>FEMAREC desarrolla diversos programas para la integraci\u00f3n social, cultural y laboral de personas marginadas o en proceso de exclusi\u00f3n social. En Carglass<sup>\u00ae<\/sup> colaboramos con ellos desde junio de 2014 compr\u00e1ndoles nuestros lotes de Navidad, material de oficina, colaborando en la gesti\u00f3n de cumplimiento de la <a href=\"https:\/\/www.lismi.es\/\" target=\"_blank\" rel=\"noopener noreferrer\">LISMI<\/a> o contratando servicios b\u00e1sicos a trav\u00e9s de ellos.<\/p>\n<p>Estamos encantados de formar parte de vuestro proyecto.<\/p>\n<p>\u00a1Much\u00edsimas gracias!<\/p>\n<p>&nbsp;<\/p>\n<p>Si quieres escuchar la entrevista en El Mat\u00ed de COPE Catalu\u00f1a a <strong>Ver\u00f3nica \u00c1lvarez<\/strong>, Directora de Personas de Carglass<sup>\u00ae<\/sup>, hablando sobre nuestra colaboraci\u00f3n con FEMAREC, haz clic aqu\u00ed.<\/p>\n<p>&nbsp;<\/p>\n<p>Para saber m\u00e1s sobre FEMAREC <a href=\"https:\/\/femarec.cat\/\" target=\"_blank\" rel=\"noopener noreferrer\">haz clic aqu\u00ed<\/a>.<\/p>\n<p>&nbsp;<\/p>\n","protected":false},"excerpt":{"rendered":"<p>La Fundaci\u00f3n FEMAREC, entidad que promueve la integraci\u00f3n social de grupos en riesgo de exclusi\u00f3n, ha agradecido la implicaci\u00f3n de Carglass<sup>\u00ae<\/sup> en varios proyectos de la Fundaci\u00f3n. Y lo ha hecho a trav\u00e9s de este anuncio tan bonito en El Peri\u00f3dico del pasado 9 de abril.<\/p>\n","protected":false},"author":11,"featured_media":300,"comment_status":"open","ping_status":"open","sticky":false,"template":"","format":"standard","meta":{"_acf_changed":false,"site-sidebar-layout":"default","site-content-layout":"","ast-site-content-layout":"default","site-content-style":"default","site-sidebar-style":"default","ast-global-header-display":"","ast-banner-title-visibility":"","ast-main-header-display":"","ast-hfb-above-header-display":"","ast-hfb-below-header-display":"","ast-hfb-mobile-header-display":"","site-post-title":"","ast-breadcrumbs-content":"","ast-featured-img":"","footer-sml-layout":"","theme-transparent-header-meta":"","adv-header-id-meta":"","stick-header-meta":"","header-above-stick-meta":"","header-main-stick-meta":"","header-below-stick-meta":"","astra-migrate-meta-layouts":"default","ast-page-background-enabled":"default","ast-page-background-meta":{"desktop":{"background-color":"var(--ast-global-color-4)","background-image":"","background-repeat":"repeat","background-position":"center center","background-size":"auto","background-attachment":"scroll","background-type":"","background-media":"","overlay-type":"","overlay-color":"","overlay-opacity":"","overlay-gradient":""},"tablet":{"background-color":"","background-image":"","background-repeat":"repeat","background-position":"center center","background-size":"auto","background-attachment":"scroll","background-type":"","background-media":"","overlay-type":"","overlay-color":"","overlay-opacity":"","overlay-gradient":""},"mobile":{"background-color":"","background-image":"","background-repeat":"repeat","background-position":"center center","background-size":"auto","background-attachment":"scroll","background-type":"","background-media":"","overlay-type":"","overlay-color":"","overlay-opacity":"","overlay-gradient":""}},"ast-content-background-meta":{"desktop":{"background-color":"var(--ast-global-color-5)","background-image":"","background-repeat":"repeat","background-position":"center center","background-size":"auto","background-attachment":"scroll","background-type":"","background-media":"","overlay-type":"","overlay-color":"","overlay-opacity":"","overlay-gradient":""},"tablet":{"background-color":"var(--ast-global-color-5)","background-image":"","background-repeat":"repeat","background-position":"center center","background-size":"auto","background-attachment":"scroll","background-type":"","background-media":"","overlay-type":"","overlay-color":"","overlay-opacity":"","overlay-gradient":""},"mobile":{"background-color":"var(--ast-global-color-5)","background-image":"","background-repeat":"repeat","background-position":"center center","background-size":"auto","background-attachment":"scroll","background-type":"","background-media":"","overlay-type":"","overlay-color":"","overlay-opacity":"","overlay-gradient":""}},"footnotes":""},"categories":[2],"tags":[9,32,33],"class_list":["post-299","post","type-post","status-publish","format-standard","has-post-thumbnail","hentry","category-carglass-news","tag-carglass","tag-femarec","tag-integracion-social"],"acf":[],"_links":{"self":[{"href":"https:\/\/www.carglass.es\/blog\/wp-json\/wp\/v2\/posts\/299","targetHints":{"allow":["GET"]}}],"collection":[{"href":"https:\/\/www.carglass.es\/blog\/wp-json\/wp\/v2\/posts"}],"about":[{"href":"https:\/\/www.carglass.es\/blog\/wp-json\/wp\/v2\/types\/post"}],"author":[{"embeddable":true,"href":"https:\/\/www.carglass.es\/blog\/wp-json\/wp\/v2\/users\/11"}],"replies":[{"embeddable":true,"href":"https:\/\/www.carglass.es\/blog\/wp-json\/wp\/v2\/comments?post=299"}],"version-history":[{"count":12,"href":"https:\/\/www.carglass.es\/blog\/wp-json\/wp\/v2\/posts\/299\/revisions"}],"predecessor-version":[{"id":10922,"href":"https:\/\/www.carglass.es\/blog\/wp-json\/wp\/v2\/posts\/299\/revisions\/10922"}],"wp:featuredmedia":[{"embeddable":true,"href":"https:\/\/www.carglass.es\/blog\/wp-json\/wp\/v2\/media\/300"}],"wp:attachment":[{"href":"https:\/\/www.carglass.es\/blog\/wp-json\/wp\/v2\/media?parent=299"}],"wp:term":[{"taxonomy":"category","embeddable":true,"href":"https:\/\/www.carglass.es\/blog\/wp-json\/wp\/v2\/categories?post=299"},{"taxonomy":"post_tag","embeddable":true,"href":"https:\/\/www.carglass.es\/blog\/wp-json\/wp\/v2\/tags?post=299"}],"curies":[{"name":"wp","href":"https:\/\/api.w.org\/{rel}","templated":true}]}}