{"id":1910,"date":"2017-02-27T11:58:16","date_gmt":"2017-02-27T11:58:16","guid":{"rendered":"http:\/\/carglassblog.dev\/?p=1910"},"modified":"2024-01-08T17:03:31","modified_gmt":"2024-01-08T15:03:31","slug":"gregorio-serrano-las-nuevas-tecnologias-en-vehiculos-e-infraestructuras-son-esenciales-para-reducir-accidentes-y-victimas","status":"publish","type":"post","link":"https:\/\/www.carglass.es\/blog\/carglass-news\/gregorio-serrano-las-nuevas-tecnologias-en-vehiculos-e-infraestructuras-son-esenciales-para-reducir-accidentes-y-victimas\/","title":{"rendered":"Gregorio Serrano: \u201cLas nuevas tecnolog\u00edas en veh\u00edculos e infraestructuras son esenciales para reducir accidentes y v\u00edctimas\u201d"},"content":{"rendered":"<p><a href=\"http:\/\/tecnologiayseguridadvial.es\/\" target=\"_blank\" rel=\"noopener\">La II Jornada sobre Tecnolog\u00eda y Seguridad Vial<\/a> se celebrar\u00e1 en Madrid el pr\u00f3ximo 28 de Febrero, con el objetivo de profundizar en un debate sobre el futuro que representan las nuevas tecnolog\u00edas en los veh\u00edculos y su vinculaci\u00f3n directa con la seguridad vial y la reducci\u00f3n de la siniestralidad.<\/p>\n<p>Uno de los ponentes de este evento es el Director General de la DGT,<strong> Gregorio Serrano<\/strong>, quien ha reconocido la importancia de iniciativas como esta jornada promovida por Carglass<sup>\u00ae<\/sup> Espa\u00f1a y organizada por Seguridad Vital (RTVE) y FESVIAL.<\/p>\n<p>\u00abLa seguridad vial es un asunto que nos afecta a todos como ciudadanos, bien sea como conductores, peatones o como pasajeros; as\u00ed que valoro muy positivamente los eventos y actuaciones que supongan dar m\u00e1s visibilidad a un fen\u00f3meno como es el de la movilidad segura y sostenible. Adem\u00e1s, las posibilidades que ofrecen las nuevas tecnolog\u00edas aplicadas a los veh\u00edculos y las infraestructuras son esenciales para reducir los accidentes de tr\u00e1fico y las v\u00edctimas que \u00e9stos generan\u00bb, asegura.<\/p>\n<p>Ante la pregunta de si las empresas, en general, deber\u00edan implicarse m\u00e1s en la seguridad vial, Gregorio Serrano opina que \u00abnunca es suficiente, siempre puede hacerse algo m\u00e1s para evitar accidentes. Cualquier acci\u00f3n dirigida a mejorar la movilidad de los empleados de una empresa, tanto en los desplazamientos \u00abin itinere\u00bb, como en los que se producen durante la jornada laboral, son intervenciones que suman hacia el compromiso compartido de conseguir una movilidad m\u00e1s segura\u00bb.<\/p>\n<p>El <strong>director general de Tr\u00e1fico<\/strong> recuerda que \u00abla DGT promueve entre las empresas la creaci\u00f3n y puesta en marcha de planes de seguridad vial espec\u00edficos, que se adapten a las caracter\u00edsticas y al funcionamiento de estas organizaciones, para conseguir que los trabajadores de cada empresa realicen sus desplazamientos por calles y carreteras en las mejores condiciones de seguridad\u00bb.<\/p>\n<p><a href=\"http:\/\/tecnologiayseguridadvial.es\" target=\"_blank\" rel=\"noopener\">Esta jornada<\/a>, que tendr\u00e1 lugar en Madrid en la sede de la <strong>Fundaci\u00f3n Rafael del Pino<\/strong>, pretende ser continuaci\u00f3n del camino iniciado en marzo del a\u00f1o pasado con la primera edici\u00f3n. Una serie de jornadas encaminadas a la concienciaci\u00f3n y an\u00e1lisis del reto que representan <strong>el uso adecuado de las nuevas tecnolog\u00edas en los veh\u00edculos<\/strong> para que sus resultados, en materia de seguridad vial y reducci\u00f3n de siniestralidad, cumplan el objetivo \u00faltimo para el que se han dise\u00f1ado.<\/p>\n","protected":false},"excerpt":{"rendered":"<p>La II Jornada sobre Tecnolog\u00eda y Seguridad Vial se celebrar\u00e1 en Madrid el pr\u00f3ximo 28 de Febrero, con el objetivo de profundizar en un debate sobre el futuro que representan las nuevas tecnolog\u00edas en los veh\u00edculos y su vinculaci\u00f3n directa con la seguridad vial y la reducci\u00f3n de la siniestralidad. Uno de los ponentes de<\/p>\n","protected":false},"author":11,"featured_media":1911,"comment_status":"open","ping_status":"open","sticky":false,"template":"","format":"standard","meta":{"_acf_changed":false,"site-sidebar-layout":"default","site-content-layout":"default","ast-site-content-layout":"default","site-content-style":"default","site-sidebar-style":"default","ast-global-header-display":"","ast-banner-title-visibility":"","ast-main-header-display":"","ast-hfb-above-header-display":"","ast-hfb-below-header-display":"","ast-hfb-mobile-header-display":"","site-post-title":"","ast-breadcrumbs-content":"","ast-featured-img":"","footer-sml-layout":"","theme-transparent-header-meta":"default","adv-header-id-meta":"","stick-header-meta":"","header-above-stick-meta":"","header-main-stick-meta":"","header-below-stick-meta":"","astra-migrate-meta-layouts":"default","ast-page-background-enabled":"default","ast-page-background-meta":{"desktop":{"background-color":"var(--ast-global-color-4)","background-image":"","background-repeat":"repeat","background-position":"center center","background-size":"auto","background-attachment":"scroll","background-type":"","background-media":"","overlay-type":"","overlay-color":"","overlay-opacity":"","overlay-gradient":""},"tablet":{"background-color":"","background-image":"","background-repeat":"repeat","background-position":"center center","background-size":"auto","background-attachment":"scroll","background-type":"","background-media":"","overlay-type":"","overlay-color":"","overlay-opacity":"","overlay-gradient":""},"mobile":{"background-color":"","background-image":"","background-repeat":"repeat","background-position":"center center","background-size":"auto","background-attachment":"scroll","background-type":"","background-media":"","overlay-type":"","overlay-color":"","overlay-opacity":"","overlay-gradient":""}},"ast-content-background-meta":{"desktop":{"background-color":"var(--ast-global-color-5)","background-image":"","background-repeat":"repeat","background-position":"center center","background-size":"auto","background-attachment":"scroll","background-type":"","background-media":"","overlay-type":"","overlay-color":"","overlay-opacity":"","overlay-gradient":""},"tablet":{"background-color":"var(--ast-global-color-5)","background-image":"","background-repeat":"repeat","background-position":"center center","background-size":"auto","background-attachment":"scroll","background-type":"","background-media":"","overlay-type":"","overlay-color":"","overlay-opacity":"","overlay-gradient":""},"mobile":{"background-color":"var(--ast-global-color-5)","background-image":"","background-repeat":"repeat","background-position":"center center","background-size":"auto","background-attachment":"scroll","background-type":"","background-media":"","overlay-type":"","overlay-color":"","overlay-opacity":"","overlay-gradient":""}},"footnotes":""},"categories":[2],"tags":[150,78,119,172,173,167,174,170,18,113,118,171],"class_list":["post-1910","post","type-post","status-publish","format-standard","has-post-thumbnail","hentry","category-carglass-news","tag-blog-carglass","tag-carglass-espana","tag-coche-autonomo","tag-fesvial","tag-fundacion-rafael-del-pino","tag-ii-jornada-sobre-tecnologia-y-seguridad-via","tag-nuevas-tecnologias-en-los-vehiculos","tag-reducir-accidentes","tag-seguridad-vial","tag-tecnologia","tag-tecvial","tag-trafico"],"acf":[],"_links":{"self":[{"href":"https:\/\/www.carglass.es\/blog\/wp-json\/wp\/v2\/posts\/1910","targetHints":{"allow":["GET"]}}],"collection":[{"href":"https:\/\/www.carglass.es\/blog\/wp-json\/wp\/v2\/posts"}],"about":[{"href":"https:\/\/www.carglass.es\/blog\/wp-json\/wp\/v2\/types\/post"}],"author":[{"embeddable":true,"href":"https:\/\/www.carglass.es\/blog\/wp-json\/wp\/v2\/users\/11"}],"replies":[{"embeddable":true,"href":"https:\/\/www.carglass.es\/blog\/wp-json\/wp\/v2\/comments?post=1910"}],"version-history":[{"count":4,"href":"https:\/\/www.carglass.es\/blog\/wp-json\/wp\/v2\/posts\/1910\/revisions"}],"predecessor-version":[{"id":11357,"href":"https:\/\/www.carglass.es\/blog\/wp-json\/wp\/v2\/posts\/1910\/revisions\/11357"}],"wp:featuredmedia":[{"embeddable":true,"href":"https:\/\/www.carglass.es\/blog\/wp-json\/wp\/v2\/media\/1911"}],"wp:attachment":[{"href":"https:\/\/www.carglass.es\/blog\/wp-json\/wp\/v2\/media?parent=1910"}],"wp:term":[{"taxonomy":"category","embeddable":true,"href":"https:\/\/www.carglass.es\/blog\/wp-json\/wp\/v2\/categories?post=1910"},{"taxonomy":"post_tag","embeddable":true,"href":"https:\/\/www.carglass.es\/blog\/wp-json\/wp\/v2\/tags?post=1910"}],"curies":[{"name":"wp","href":"https:\/\/api.w.org\/{rel}","templated":true}]}}