{"id":1886,"date":"2017-02-07T08:49:50","date_gmt":"2017-02-07T08:49:50","guid":{"rendered":"http:\/\/carglassblog.dev\/?p=1886"},"modified":"2021-11-12T10:00:51","modified_gmt":"2021-11-12T10:00:51","slug":"corriendown-sevilla-asedown-carglass","status":"publish","type":"post","link":"https:\/\/www.carglass.es\/blog\/carglass-news\/corriendown-sevilla-asedown-carglass\/","title":{"rendered":"Carglass apoya la III Carrera Solidaria Corriendown Sevilla"},"content":{"rendered":"<p>Nos encanta apoyar <strong>iniciativas solidarias<\/strong> como la Corriendown Sevilla. En <strong>Carglass<sup>\u00ae<\/sup>,<\/strong> esta voluntad de aportar un granito de arena en diferentes causas es algo que nace de la gente que trabaja aqu\u00ed y que la empresa tambi\u00e9n fomenta.<\/p>\n<p>Dentro de esas acciones, este a\u00f1o vamos a repetir con la <strong>Asociaci\u00f3n S\u00edndrome de Down Sevilla (<a href=\"https:\/\/www.downsevilla.org\/\" target=\"_blank\" rel=\"noopener noreferrer\">ASEDOWN<\/a>)<\/strong> y la maravillosa carrera que organiza para recaudar fondos. Se trata de la <strong>Corriendown<\/strong>, cuya tercera edici\u00f3n se celebrar\u00e1 el domingo 26 de Marzo en Sevilla.<\/p>\n<p>\u00bfQu\u00e9 os podemos decir de este evento? Corriendown es, ante todo, una fiesta en la que los ni\u00f1os se lo pasan en grande, hacen deporte y conocen a nuevos amigos. Con ella, ASEDOWN da otro empuj\u00f3n que nos acerca un poquito m\u00e1s al objetivo final de tener sociedad m\u00e1s justa, inclusiva y solidaria.<\/p>\n<p>Adem\u00e1s de ayudar en la defensa de la dignidad y los derechos de las personas con s\u00edndrome de Down, Corriendown tambi\u00e9n supone una ayuda econ\u00f3mica para la asociaci\u00f3n. Al final, todo lo conseguido de los patrocinadores, las inscripciones y el dorsal cero, se materializa en cosas concretas que hacen un poco m\u00e1s f\u00e1cil la vida a los afectados. Este a\u00f1o, los fondos se destinar\u00e1n a la creaci\u00f3n de pisos tutelados, mejora de las instalaciones de la asociaci\u00f3n, ampliaci\u00f3n de los talleres y formaci\u00f3n del personal docente.<\/p>\n<p>La carrera se disputar\u00e1 el domingo 26 de Marzo en Sevilla. Bajo el lema \u201cCada uno a su ritmo, todos llegamos\u201d, se espera alcanzar los 2.000 dorsales previstos: 1.500 para adultos y 500 para ni\u00f1os. Te puedes inscribir en www.downsevilla.org y <a href=\"http:\/\/www.dorsalchip.es\/PageView.aspx\" target=\"_blank\" rel=\"noopener noreferrer\">www.dorsalchip.com<\/a> entre el 1 Febrero y el 14 de marzo, o hasta agotar inscripciones. Los precios son de 8 \u20ac para los adultos y 3 \u20ac para los menores de 14 a\u00f1os.<\/p>\n<p>Adem\u00e1s, se ha creado un dorsal 0 para que cualquiera pueda apoyar esta causa. Si quieres participar en esta iniciativa, solo tienes que realizar tu aportaci\u00f3n en la cuenta ES92 2100 2320 5002 0028 4120. Y si te apetece ayudar como voluntario, solic\u00edtalo en este email: marchacarrera@asedown.org<\/p>\n<h2>Carglass y su labor solidaria<\/h2>\n<p>En Carglass animamos a todos los empleados que puedan participen en la III Corriendown. Sobre todo, a los \u201ctriatletas\u201d y dem\u00e1s trabajadores con esp\u00edritu deportivo que se apuntaron al triatl\u00f3n ben\u00e9fico <strong>Spirit of Belron<\/strong>, donde recaudamos fondos para Afrika Tikkun, una ONG que ayuda a los m\u00e1s desfavorecidos en Sud\u00e1frica.<\/p>\n<p>Es otra forma de ayudar, como en el \u201cTeaming\u201d, donde los empleados elijen a la ONG que se apoyar\u00e1 en ese proyecto. Este a\u00f1o fue la Fundaci\u00f3n \u2018<a href=\"http:\/\/fundacionmiaoquehago.org\/\" target=\"_blank\" rel=\"noopener noreferrer\">Mia o que hago<\/a>\u2019, que ayuda a familias que cuentan con alg\u00fan ni\u00f1o con problemas del desarrollo infantil. En el <strong>Proyecto Teaming<\/strong>, todo aquel trabajador aporta 1 \u20ac de su n\u00f3mina mensual y Carglass dobla esa cifra recaudada.<\/p>\n<p>En el Proyecto Teaming 2016 se han recaudado 17.271 euros para \u2018Mia o que hago\u2019. La entrega solemne de esa donaci\u00f3n, y del premio a esta fundaci\u00f3n por su labor se produjo durante la gala de los Premios Solidarios de INESE. Carglass<sup>\u00ae<\/sup> Espa\u00f1a estuvo representada por Ver\u00f3nica \u00c1lvarez, Directora de Personal, que entreg\u00f3 el premio a Bernardo Jordano, Presidente y Cofundador de \u2018Mia o que hago\u2019 y a su esposa, Mercedes Gordillo.<\/p>\n","protected":false},"excerpt":{"rendered":"<p>Carglass<sup>\u00ae<\/sup> patrocina un a\u00f1o m\u00e1s esta carrera solidaria en apoyo a los afectados por el s\u00edndrome de Down. \u00a1Participa!<\/p>\n","protected":false},"author":11,"featured_media":1889,"comment_status":"open","ping_status":"open","sticky":false,"template":"","format":"standard","meta":{"_acf_changed":false,"site-sidebar-layout":"default","site-content-layout":"","ast-site-content-layout":"default","site-content-style":"default","site-sidebar-style":"default","ast-global-header-display":"","ast-banner-title-visibility":"","ast-main-header-display":"","ast-hfb-above-header-display":"","ast-hfb-below-header-display":"","ast-hfb-mobile-header-display":"","site-post-title":"","ast-breadcrumbs-content":"","ast-featured-img":"","footer-sml-layout":"","theme-transparent-header-meta":"","adv-header-id-meta":"","stick-header-meta":"","header-above-stick-meta":"","header-main-stick-meta":"","header-below-stick-meta":"","astra-migrate-meta-layouts":"default","ast-page-background-enabled":"default","ast-page-background-meta":{"desktop":{"background-color":"var(--ast-global-color-4)","background-image":"","background-repeat":"repeat","background-position":"center center","background-size":"auto","background-attachment":"scroll","background-type":"","background-media":"","overlay-type":"","overlay-color":"","overlay-opacity":"","overlay-gradient":""},"tablet":{"background-color":"","background-image":"","background-repeat":"repeat","background-position":"center center","background-size":"auto","background-attachment":"scroll","background-type":"","background-media":"","overlay-type":"","overlay-color":"","overlay-opacity":"","overlay-gradient":""},"mobile":{"background-color":"","background-image":"","background-repeat":"repeat","background-position":"center center","background-size":"auto","background-attachment":"scroll","background-type":"","background-media":"","overlay-type":"","overlay-color":"","overlay-opacity":"","overlay-gradient":""}},"ast-content-background-meta":{"desktop":{"background-color":"var(--ast-global-color-5)","background-image":"","background-repeat":"repeat","background-position":"center center","background-size":"auto","background-attachment":"scroll","background-type":"","background-media":"","overlay-type":"","overlay-color":"","overlay-opacity":"","overlay-gradient":""},"tablet":{"background-color":"var(--ast-global-color-5)","background-image":"","background-repeat":"repeat","background-position":"center center","background-size":"auto","background-attachment":"scroll","background-type":"","background-media":"","overlay-type":"","overlay-color":"","overlay-opacity":"","overlay-gradient":""},"mobile":{"background-color":"var(--ast-global-color-5)","background-image":"","background-repeat":"repeat","background-position":"center center","background-size":"auto","background-attachment":"scroll","background-type":"","background-media":"","overlay-type":"","overlay-color":"","overlay-opacity":"","overlay-gradient":""}},"footnotes":""},"categories":[2],"tags":[177,176,78,117,175,68,11,99],"class_list":["post-1886","post","type-post","status-publish","format-standard","has-post-thumbnail","hentry","category-carglass-news","tag-africa-tikkun","tag-asociacion-sindrome-de-down-sevilla","tag-carglass-espana","tag-corriendown","tag-iniciativas-solidarias","tag-proyecto-teaming","tag-rsc","tag-spirit-of-belron"],"acf":[],"_links":{"self":[{"href":"https:\/\/www.carglass.es\/blog\/wp-json\/wp\/v2\/posts\/1886","targetHints":{"allow":["GET"]}}],"collection":[{"href":"https:\/\/www.carglass.es\/blog\/wp-json\/wp\/v2\/posts"}],"about":[{"href":"https:\/\/www.carglass.es\/blog\/wp-json\/wp\/v2\/types\/post"}],"author":[{"embeddable":true,"href":"https:\/\/www.carglass.es\/blog\/wp-json\/wp\/v2\/users\/11"}],"replies":[{"embeddable":true,"href":"https:\/\/www.carglass.es\/blog\/wp-json\/wp\/v2\/comments?post=1886"}],"version-history":[{"count":20,"href":"https:\/\/www.carglass.es\/blog\/wp-json\/wp\/v2\/posts\/1886\/revisions"}],"predecessor-version":[{"id":6656,"href":"https:\/\/www.carglass.es\/blog\/wp-json\/wp\/v2\/posts\/1886\/revisions\/6656"}],"wp:featuredmedia":[{"embeddable":true,"href":"https:\/\/www.carglass.es\/blog\/wp-json\/wp\/v2\/media\/1889"}],"wp:attachment":[{"href":"https:\/\/www.carglass.es\/blog\/wp-json\/wp\/v2\/media?parent=1886"}],"wp:term":[{"taxonomy":"category","embeddable":true,"href":"https:\/\/www.carglass.es\/blog\/wp-json\/wp\/v2\/categories?post=1886"},{"taxonomy":"post_tag","embeddable":true,"href":"https:\/\/www.carglass.es\/blog\/wp-json\/wp\/v2\/tags?post=1886"}],"curies":[{"name":"wp","href":"https:\/\/api.w.org\/{rel}","templated":true}]}}