{"id":1864,"date":"2017-01-16T08:48:56","date_gmt":"2017-01-16T08:48:56","guid":{"rendered":"https:\/\/carglasscomunicacion.es\/?p=1864"},"modified":"2021-11-12T10:22:47","modified_gmt":"2021-11-12T10:22:47","slug":"javier-anuncio-carglass","status":"publish","type":"post","link":"https:\/\/www.carglass.es\/blog\/carglass-news\/javier-anuncio-carglass\/","title":{"rendered":"\u00bfConoces a Javier, el protagonista de nuestro nuevo anuncio?"},"content":{"rendered":"<p><strong>Javier <\/strong>es el protagonista del nuevo anuncio de <strong>Carglass<sup>\u00ae<\/sup> Espa\u00f1a<\/strong>, relevando en ese papel a <strong>Igor Ortega<\/strong>, responsable del centro de Algorta. Carglass est\u00e1 orgullosa de su equipo humano y por eso los protagonistas de sus anuncios son empleados reales. Ellos son unos trabajadores m\u00e1s de la compa\u00f1\u00eda, pero han llegado a convertirse en fen\u00f3menos medi\u00e1ticos y de las redes sociales. Ahora, le toca el turno a Javi. Para que le conozc\u00e1is mejor, le hemos hecho esta entrevista, en la que confiesa que \u201ccuando sali\u00f3 el anuncio, \u00abme revent\u00f3 el tel\u00e9fono\u201d.<\/p>\n<h2>As\u00ed es Javier, t\u00e9cnico de nuestro nuevo anuncio<\/h2>\n<p><strong>\u00bfQu\u00e9 sentiste al ser seleccionado para el spot de Carglass?<\/strong><\/p>\n<p>Me qued\u00e9 un poco en estado se shock. Me llamaron de marketing, estaba en el trabajo y me fui a un rinc\u00f3n. No me lo cre\u00eda y no sab\u00eda ni c\u00f3mo digerirlo. Al d\u00eda siguiente ya me lleg\u00f3 un email oficial y todo eso, y ya me lo empec\u00e9 a creer.<\/p>\n<p><strong>\u00bfC\u00f3mo fue el rodaje?<\/strong><\/p>\n<p>Fue bastante entretenido, aunque hac\u00eda mucho fr\u00edo. Nunca hab\u00eda estado en un rodaje de esa magnitud, con tanta gente, escenarios\u2026 Fue una experiencia muy bonita e inolvidable.<\/p>\n<p><strong>\u00bfCu\u00e1nto tiempo llevas trabajando en Carglass?<\/strong><\/p>\n<p>Llevo muy poquito, entr\u00e9 en abril del a\u00f1o pasado. En el sector de las lunas llevo trabajando desde 2005.<\/p>\n<p><strong>\u00bfY c\u00f3mo te has sentido en la compa\u00f1\u00eda?<\/strong><\/p>\n<p>Me han acogido como si fuera uno m\u00e1s de la familia. De verdad, yo nunca hab\u00eda vivido algo as\u00ed, con ese compa\u00f1erismo. Y es la propia empresa la que se enfoca a que haya ese ambiente.<\/p>\n<p><strong>\u00bfCu\u00e1l es tu ocupaci\u00f3n en Carglass?<\/strong><\/p>\n<p>Soy montador de lunas.<\/p>\n<p><strong>\u00bfQu\u00e9 es lo que m\u00e1s te gusta trabajo?<\/strong><\/p>\n<p>Poder trabajar en los coches, me gustan mucho, es bonito.<\/p>\n<p><strong>\u00bfTe reconocen ya por la calle?<\/strong><\/p>\n<p>S\u00ed, ya ha habido gente que me ha preguntado. Y alg\u00fan cliente. Por ejemplo, hoy estaba con la unidad m\u00f3vil y cuando he llegado el cliente me ha dicho \u201c\u00a1Pero si eres el que sale en la tele!\u201d<\/p>\n<p><strong>Y la familia, amigos y conocidos, \u00bfc\u00f3mo lo han vivido?<\/strong><\/p>\n<p>En cuanto salieron los anuncios me reventaba el tel\u00e9fono. Yo se lo hab\u00eda dicho a mi c\u00edrculo m\u00e1s cercano, pero much\u00edsima gente que conozco no sab\u00eda nada.<\/p>\n<p><strong>En un plano m\u00e1s personal, h\u00e1blanos de tus aficiones<\/strong><\/p>\n<p>Me gusta probar un poco de todo, en los deportes. Soy muy deportista, me encanta el gimnasio, hago motocross, ahora le estoy dando al snow\u2026 En general, me gustan los deportes de riesgo.<\/p>\n<p><img loading=\"lazy\" decoding=\"async\" class=\"alignnone size-full wp-image-1868\" src=\"https:\/\/carglasscomunicacion.es\/wp-content\/uploads\/2017\/01\/javier-anuncio-carglass-2.jpg.webp\" alt=\"javier anuncio carglass\" width=\"720\" height=\"480\" \/><\/p>\n<h2>\u00bfQu\u00e9 pas\u00f3 con Joseba?<\/h2>\n<p><strong>Mar\u00eda Jos\u00e9<\/strong>, <strong>Igor<\/strong>, <strong>Joseba<\/strong>&#8230; Los protagonistas de los anuncios de Carglass han sido muy medi\u00e1ticos. Pero Joseba se lleva la palma y varios a\u00f1os despu\u00e9s de la campa\u00f1a, sigue saltando con frecuencia a la actualidad, sobre todo en las redes sociales.<\/p>\n<p>En <a href=\"https:\/\/www.podiumpodcast.com\/la-redada\/temporada-2\/equipo-de-investigacion-que-fue-de-joseba-de-carglass\/\" target=\"_blank\" rel=\"noopener noreferrer\"><strong>\u2018La Redada\u2019, de Prisa Radio<\/strong><\/a>, han hecho un divertido programa: \u201cEquipo de investigaci\u00f3n. \u00bfQu\u00e9 fue de Joseba de Carglass?\u201d en el que, con mucho humor, se han abordado estos temas.<\/p>\n","protected":false},"excerpt":{"rendered":"<p>\u00bfC\u00f3noces al protagonista de nuestro nuevo anuncio? Te presentamos a Javier en esta entrevista<\/p>\n","protected":false},"author":11,"featured_media":1865,"comment_status":"open","ping_status":"open","sticky":false,"template":"","format":"standard","meta":{"_acf_changed":false,"site-sidebar-layout":"default","site-content-layout":"","ast-site-content-layout":"default","site-content-style":"default","site-sidebar-style":"default","ast-global-header-display":"","ast-banner-title-visibility":"","ast-main-header-display":"","ast-hfb-above-header-display":"","ast-hfb-below-header-display":"","ast-hfb-mobile-header-display":"","site-post-title":"","ast-breadcrumbs-content":"","ast-featured-img":"","footer-sml-layout":"","theme-transparent-header-meta":"","adv-header-id-meta":"","stick-header-meta":"","header-above-stick-meta":"","header-main-stick-meta":"","header-below-stick-meta":"","astra-migrate-meta-layouts":"default","ast-page-background-enabled":"default","ast-page-background-meta":{"desktop":{"background-color":"var(--ast-global-color-4)","background-image":"","background-repeat":"repeat","background-position":"center center","background-size":"auto","background-attachment":"scroll","background-type":"","background-media":"","overlay-type":"","overlay-color":"","overlay-opacity":"","overlay-gradient":""},"tablet":{"background-color":"","background-image":"","background-repeat":"repeat","background-position":"center center","background-size":"auto","background-attachment":"scroll","background-type":"","background-media":"","overlay-type":"","overlay-color":"","overlay-opacity":"","overlay-gradient":""},"mobile":{"background-color":"","background-image":"","background-repeat":"repeat","background-position":"center center","background-size":"auto","background-attachment":"scroll","background-type":"","background-media":"","overlay-type":"","overlay-color":"","overlay-opacity":"","overlay-gradient":""}},"ast-content-background-meta":{"desktop":{"background-color":"var(--ast-global-color-5)","background-image":"","background-repeat":"repeat","background-position":"center center","background-size":"auto","background-attachment":"scroll","background-type":"","background-media":"","overlay-type":"","overlay-color":"","overlay-opacity":"","overlay-gradient":""},"tablet":{"background-color":"var(--ast-global-color-5)","background-image":"","background-repeat":"repeat","background-position":"center center","background-size":"auto","background-attachment":"scroll","background-type":"","background-media":"","overlay-type":"","overlay-color":"","overlay-opacity":"","overlay-gradient":""},"mobile":{"background-color":"var(--ast-global-color-5)","background-image":"","background-repeat":"repeat","background-position":"center center","background-size":"auto","background-attachment":"scroll","background-type":"","background-media":"","overlay-type":"","overlay-color":"","overlay-opacity":"","overlay-gradient":""}},"footnotes":""},"categories":[2],"tags":[105,150,78,179,178,104,46,180],"class_list":["post-1864","post","type-post","status-publish","format-standard","has-post-thumbnail","hentry","category-carglass-news","tag-anuncio","tag-blog-carglass","tag-carglass-espana","tag-entrevista","tag-javier-carglass","tag-spot","tag-taller-carglass","tag-tecnicos-carglass"],"acf":[],"_links":{"self":[{"href":"https:\/\/www.carglass.es\/blog\/wp-json\/wp\/v2\/posts\/1864","targetHints":{"allow":["GET"]}}],"collection":[{"href":"https:\/\/www.carglass.es\/blog\/wp-json\/wp\/v2\/posts"}],"about":[{"href":"https:\/\/www.carglass.es\/blog\/wp-json\/wp\/v2\/types\/post"}],"author":[{"embeddable":true,"href":"https:\/\/www.carglass.es\/blog\/wp-json\/wp\/v2\/users\/11"}],"replies":[{"embeddable":true,"href":"https:\/\/www.carglass.es\/blog\/wp-json\/wp\/v2\/comments?post=1864"}],"version-history":[{"count":17,"href":"https:\/\/www.carglass.es\/blog\/wp-json\/wp\/v2\/posts\/1864\/revisions"}],"predecessor-version":[{"id":6666,"href":"https:\/\/www.carglass.es\/blog\/wp-json\/wp\/v2\/posts\/1864\/revisions\/6666"}],"wp:featuredmedia":[{"embeddable":true,"href":"https:\/\/www.carglass.es\/blog\/wp-json\/wp\/v2\/media\/1865"}],"wp:attachment":[{"href":"https:\/\/www.carglass.es\/blog\/wp-json\/wp\/v2\/media?parent=1864"}],"wp:term":[{"taxonomy":"category","embeddable":true,"href":"https:\/\/www.carglass.es\/blog\/wp-json\/wp\/v2\/categories?post=1864"},{"taxonomy":"post_tag","embeddable":true,"href":"https:\/\/www.carglass.es\/blog\/wp-json\/wp\/v2\/tags?post=1864"}],"curies":[{"name":"wp","href":"https:\/\/api.w.org\/{rel}","templated":true}]}}